{"id":3297,"date":"2025-08-21T20:59:30","date_gmt":"2025-08-21T19:59:30","guid":{"rendered":"https:\/\/orgelbauverein-moelln.de\/?p=3297"},"modified":"2025-08-21T20:59:32","modified_gmt":"2025-08-21T19:59:32","slug":"ein-internationaler-orgelgast","status":"publish","type":"post","link":"https:\/\/orgelbauverein-moelln.de\/?p=3297","title":{"rendered":"Ein internationaler Orgelgast"},"content":{"rendered":"\n<p>Mit Prof. Dr. Krzysztof Urbaniak kommt am So., d. 28.09.2025 um 17:00 Uhr ein Musiker zur\u00fcck in die St.Nicolai-Kirche nach M\u00f6lln, der schon bei der Einweihung der Scherer-B\u00fcnting-Flentrop-Orgel im Mai 2022 ein begeisterndes Konzert gegeben hat.<\/p>\n\n\n\n<p>Nach Orgel- und Cembalostudien in Warschau und Stuttgart, u.a. bei Ludger Lohmann und J\u00f6rg Halubeck, hat sich bei Krzysztof Urbaniak an der Universit\u00e4t Krakau ein musikwissenschaftliches Studium mit Promotion im Jahre 2012 angeschlossen. F\u00fcr sein Orgelspiel wurde er auf internationalen Wettbewerben mehrfach mit 1. Preisen ausgezeichnet, u.a. in Pistoia 2009 und Bremen 2010. Mittlerweile ist er ein auf internationalen Orgelwettbewerben gefragter Juror, so in Musashino, Alkmaar, L\u00fcbeck und Freiberg, au\u00dferdem ist er k\u00fcnstlerischer Leiter bei den Orgelfestivals an der Hummel\/Nitrowski-Orgel in Olkusz bei Krakau sowie in Pas\u0142\u0119k. Konzertreisen f\u00fchrten ihn in fast alle EU-L\u00e4nder, nach S\u00fcdkorea und nach Japan. 2024 erschien von ihm eine zweib\u00e4ndige Monographie: \u201eDie Orgel der Pfarrkirche zu Olkusz \/ Hans Hummel und seine Schule\u201c. Neben seiner T\u00e4tigkeit als Professor an den Musikhochschulen in Bremen und Krakau engagiert er sich im Vorstand des Baltischen Orgel Zentrums in Stralsund sowie im Verein der Hans-Hummel-Orgel in Olkusz.<\/p>\n\n\n\n<p>Sein Programm in M\u00f6lln pr\u00e4gen unterschiedliche Werke von Johann Sebastian Bach, u.a. das Piece d\u2019Orgue BWV 571 oder Toccata, Adagio und Fuge BWV 564. Eingerahmt von den Werken Bachs wird der gregorianische Hymnus \u201eTe lucis ante terminum\u201c in der Fassung des Hamburger Komponisten Hieronymus Praetorius.<\/p>\n\n\n\n<p>Der Eintritt betr\u00e4gt 12,- \u20ac, f\u00fcr Menschen unter 30 Jahren erm\u00e4\u00dfigt 3,- \u20ac.<\/p>\n\n\n\n<p><\/p>\n","protected":false},"excerpt":{"rendered":"<p>Mit Prof. Dr. Krzysztof Urbaniak kommt am So., d. 28.09.2025 um 17:00 Uhr ein Musiker zur\u00fcck in die St.Nicolai-Kirche nach M\u00f6lln, der schon bei der Einweihung der Scherer-B\u00fcnting-Flentrop-Orgel im Mai 2022 ein begeisterndes Konzert gegeben hat. Nach Orgel- und Cembalostudien in Warschau und Stuttgart, u.a. bei Ludger Lohmann und J\u00f6rg Halubeck, hat sich bei Krzysztof [&hellip;]<\/p>\n","protected":false},"author":4,"featured_media":0,"comment_status":"open","ping_status":"open","sticky":false,"template":"","format":"standard","meta":{"footnotes":""},"categories":[1],"tags":[],"class_list":["post-3297","post","type-post","status-publish","format-standard","hentry","category-allgemein"],"_links":{"self":[{"href":"https:\/\/orgelbauverein-moelln.de\/index.php?rest_route=\/wp\/v2\/posts\/3297","targetHints":{"allow":["GET"]}}],"collection":[{"href":"https:\/\/orgelbauverein-moelln.de\/index.php?rest_route=\/wp\/v2\/posts"}],"about":[{"href":"https:\/\/orgelbauverein-moelln.de\/index.php?rest_route=\/wp\/v2\/types\/post"}],"author":[{"embeddable":true,"href":"https:\/\/orgelbauverein-moelln.de\/index.php?rest_route=\/wp\/v2\/users\/4"}],"replies":[{"embeddable":true,"href":"https:\/\/orgelbauverein-moelln.de\/index.php?rest_route=%2Fwp%2Fv2%2Fcomments&post=3297"}],"version-history":[{"count":1,"href":"https:\/\/orgelbauverein-moelln.de\/index.php?rest_route=\/wp\/v2\/posts\/3297\/revisions"}],"predecessor-version":[{"id":3298,"href":"https:\/\/orgelbauverein-moelln.de\/index.php?rest_route=\/wp\/v2\/posts\/3297\/revisions\/3298"}],"wp:attachment":[{"href":"https:\/\/orgelbauverein-moelln.de\/index.php?rest_route=%2Fwp%2Fv2%2Fmedia&parent=3297"}],"wp:term":[{"taxonomy":"category","embeddable":true,"href":"https:\/\/orgelbauverein-moelln.de\/index.php?rest_route=%2Fwp%2Fv2%2Fcategories&post=3297"},{"taxonomy":"post_tag","embeddable":true,"href":"https:\/\/orgelbauverein-moelln.de\/index.php?rest_route=%2Fwp%2Fv2%2Ftags&post=3297"}],"curies":[{"name":"wp","href":"https:\/\/api.w.org\/{rel}","templated":true}]}}