{"id":3295,"date":"2025-08-21T20:55:14","date_gmt":"2025-08-21T19:55:14","guid":{"rendered":"https:\/\/orgelbauverein-moelln.de\/?p=3295"},"modified":"2025-08-21T20:55:15","modified_gmt":"2025-08-21T19:55:15","slug":"konzert-mit-prof-arvid-gast","status":"publish","type":"post","link":"https:\/\/orgelbauverein-moelln.de\/?p=3295","title":{"rendered":"Konzert mit Prof. Arvid Gast"},"content":{"rendered":"\n<p>F\u00fcr das Orgelkonzert am So., d. 31.08.2025 um 17:00 Uhr in der M\u00f6llner St.Nicolai-Kirche konnte mit Prof. Arvid Gast aus L\u00fcbeck ein international renommierter Musiker gewonnen werden, der das Restaurierungsprojekt der Scherer-B\u00fcnting-Flentrop-Orgel von Beginn an begleitet hat.<\/p>\n\n\n\n<p>Nach seinem Studium der Kirchenmusik und Orgel in Hannover trat Arvid Gast 1990 die Stelle als Organist an der Hauptkirche St. Nikolai in Flensburg an, um 1993 nach Leipzig zu wechseln, wo er neben der Berufung zum Professor an der Musikhochschule \u201eFelix Mendelssohn Bartholdy\u201c der auch als Organist der Universit\u00e4tskirche t\u00e4tig war. 2004 folgte der Wechsel mit der \u00dcbernahme der Orgelprofessur an der Musikhochschule in L\u00fcbeck. Seit 2005 wirkt er dort zudem als Organist an den bedeutenden historischen Orgeln der St. Jakobikirche.<\/p>\n\n\n\n<p>Nach mehreren Erfolgen auf Wettbewerben schon zu Studienzeiten ist Arvid Gast heute ein gefragter Juror auf internationalen Orgelwettbewerben. 2007 initiierte er den im dreij\u00e4hrigen Turnus stattfindenden \u201eBuxtehude-Wettbewerb\u201c, einen Orgelwettbewerb mit Ausrichtung auf norddeutsche Orgelmusik an historischen Orgeln in L\u00fcbeck und Hamburg. 2022 war auch die M\u00f6llner Scherer-B\u00fcnting-Flentrop-Orgel in den Wettbewerb eingebunden.<\/p>\n\n\n\n<p>Zudem wirkte Arvid Gast von 2008 bis 2014 als Titularorganist der Konzerthalle \u201eGeorg-Philipp-Telemann\u201c in Magdeburg und hatte 2019 eine Gastprofessur am Oberlin Conservatory in Ohio, USA inne. Seine Konzertt\u00e4tigkeit erstreckt sich auf ganz Europa, Fernost, USA und S\u00fcdamerika.<\/p>\n\n\n\n<p>Neben Werken von H. Scheidemann und J. S. Bach stehen Kompositionen dreier L\u00fcbecker Organisten auf dem Programm dieses Konzertes. Sowohl D. Buxtehude als auch sein Vorg\u00e4nger F. Tunder wirkten an der Marienkirche. H. Distler war als Organist an der Jacobikirche t\u00e4tig und als solcher Vorg\u00e4nger von Arvid Gast an den dortigen historischen Orgeln.<\/p>\n\n\n\n<p>Der Eintritt betr\u00e4gt 12,- \u20ac, Menschen unter 30 Jahren zahlen 3,- \u20ac.<\/p>\n\n\n\n<p><\/p>\n","protected":false},"excerpt":{"rendered":"<p>F\u00fcr das Orgelkonzert am So., d. 31.08.2025 um 17:00 Uhr in der M\u00f6llner St.Nicolai-Kirche konnte mit Prof. Arvid Gast aus L\u00fcbeck ein international renommierter Musiker gewonnen werden, der das Restaurierungsprojekt der Scherer-B\u00fcnting-Flentrop-Orgel von Beginn an begleitet hat. Nach seinem Studium der Kirchenmusik und Orgel in Hannover trat Arvid Gast 1990 die Stelle als Organist an [&hellip;]<\/p>\n","protected":false},"author":4,"featured_media":0,"comment_status":"open","ping_status":"open","sticky":false,"template":"","format":"standard","meta":{"footnotes":""},"categories":[1],"tags":[],"class_list":["post-3295","post","type-post","status-publish","format-standard","hentry","category-allgemein"],"_links":{"self":[{"href":"https:\/\/orgelbauverein-moelln.de\/index.php?rest_route=\/wp\/v2\/posts\/3295","targetHints":{"allow":["GET"]}}],"collection":[{"href":"https:\/\/orgelbauverein-moelln.de\/index.php?rest_route=\/wp\/v2\/posts"}],"about":[{"href":"https:\/\/orgelbauverein-moelln.de\/index.php?rest_route=\/wp\/v2\/types\/post"}],"author":[{"embeddable":true,"href":"https:\/\/orgelbauverein-moelln.de\/index.php?rest_route=\/wp\/v2\/users\/4"}],"replies":[{"embeddable":true,"href":"https:\/\/orgelbauverein-moelln.de\/index.php?rest_route=%2Fwp%2Fv2%2Fcomments&post=3295"}],"version-history":[{"count":1,"href":"https:\/\/orgelbauverein-moelln.de\/index.php?rest_route=\/wp\/v2\/posts\/3295\/revisions"}],"predecessor-version":[{"id":3296,"href":"https:\/\/orgelbauverein-moelln.de\/index.php?rest_route=\/wp\/v2\/posts\/3295\/revisions\/3296"}],"wp:attachment":[{"href":"https:\/\/orgelbauverein-moelln.de\/index.php?rest_route=%2Fwp%2Fv2%2Fmedia&parent=3295"}],"wp:term":[{"taxonomy":"category","embeddable":true,"href":"https:\/\/orgelbauverein-moelln.de\/index.php?rest_route=%2Fwp%2Fv2%2Fcategories&post=3295"},{"taxonomy":"post_tag","embeddable":true,"href":"https:\/\/orgelbauverein-moelln.de\/index.php?rest_route=%2Fwp%2Fv2%2Ftags&post=3295"}],"curies":[{"name":"wp","href":"https:\/\/api.w.org\/{rel}","templated":true}]}}