{"id":3268,"date":"2025-07-13T19:59:21","date_gmt":"2025-07-13T18:59:21","guid":{"rendered":"https:\/\/orgelbauverein-moelln.de\/?p=3268"},"modified":"2025-07-13T20:00:12","modified_gmt":"2025-07-13T19:00:12","slug":"konzert-fuer-violine-und-orgel","status":"publish","type":"post","link":"https:\/\/orgelbauverein-moelln.de\/?p=3268","title":{"rendered":"Konzert f\u00fcr Violine und Orgel"},"content":{"rendered":"\n<p>Am Sonntag, d. 27.7.25 um 17:00 Uhr findet in der M\u00f6llner St. Nicolai-Kirche das n\u00e4chste Monatskonzert an der Scherer-B\u00fcnting-Flentrop-Orgel statt. Die seit Mai dieses Jahres als Regionalkantorin in M\u00f6lln, Breitenfelde und Gudow t\u00e4tige Kirchenmusikdirektorin Susanne Bornholdt und die Hamburger Geigerin Annegret Siedel haben in diesem Orgelkonzert ein Programm vorbereitet, in dem \u201eRosencranzsonaten\u201c des Salzburger Hofkapellmeisters I.F. Biber Werken von J.S.Bach gegen\u00fcberstehen. <\/p>\n\n\n\n<p>Der Eintritt betr\u00e4gt 12,- \u20ac, erm\u00e4\u00dfigt 3,- \u20ac<\/p>\n\n\n\n<p><\/p>\n\n\n\n<p><\/p>\n","protected":false},"excerpt":{"rendered":"<p>Am Sonntag, d. 27.7.25 um 17:00 Uhr findet in der M\u00f6llner St. Nicolai-Kirche das n\u00e4chste Monatskonzert an der Scherer-B\u00fcnting-Flentrop-Orgel statt. Die seit Mai dieses Jahres als Regionalkantorin in M\u00f6lln, Breitenfelde und Gudow t\u00e4tige Kirchenmusikdirektorin Susanne Bornholdt und die Hamburger Geigerin Annegret Siedel haben in diesem Orgelkonzert ein Programm vorbereitet, in dem \u201eRosencranzsonaten\u201c des Salzburger Hofkapellmeisters [&hellip;]<\/p>\n","protected":false},"author":4,"featured_media":0,"comment_status":"open","ping_status":"open","sticky":false,"template":"","format":"standard","meta":{"footnotes":""},"categories":[1],"tags":[],"class_list":["post-3268","post","type-post","status-publish","format-standard","hentry","category-allgemein"],"_links":{"self":[{"href":"https:\/\/orgelbauverein-moelln.de\/index.php?rest_route=\/wp\/v2\/posts\/3268","targetHints":{"allow":["GET"]}}],"collection":[{"href":"https:\/\/orgelbauverein-moelln.de\/index.php?rest_route=\/wp\/v2\/posts"}],"about":[{"href":"https:\/\/orgelbauverein-moelln.de\/index.php?rest_route=\/wp\/v2\/types\/post"}],"author":[{"embeddable":true,"href":"https:\/\/orgelbauverein-moelln.de\/index.php?rest_route=\/wp\/v2\/users\/4"}],"replies":[{"embeddable":true,"href":"https:\/\/orgelbauverein-moelln.de\/index.php?rest_route=%2Fwp%2Fv2%2Fcomments&post=3268"}],"version-history":[{"count":2,"href":"https:\/\/orgelbauverein-moelln.de\/index.php?rest_route=\/wp\/v2\/posts\/3268\/revisions"}],"predecessor-version":[{"id":3270,"href":"https:\/\/orgelbauverein-moelln.de\/index.php?rest_route=\/wp\/v2\/posts\/3268\/revisions\/3270"}],"wp:attachment":[{"href":"https:\/\/orgelbauverein-moelln.de\/index.php?rest_route=%2Fwp%2Fv2%2Fmedia&parent=3268"}],"wp:term":[{"taxonomy":"category","embeddable":true,"href":"https:\/\/orgelbauverein-moelln.de\/index.php?rest_route=%2Fwp%2Fv2%2Fcategories&post=3268"},{"taxonomy":"post_tag","embeddable":true,"href":"https:\/\/orgelbauverein-moelln.de\/index.php?rest_route=%2Fwp%2Fv2%2Ftags&post=3268"}],"curies":[{"name":"wp","href":"https:\/\/api.w.org\/{rel}","templated":true}]}}