{"id":3229,"date":"2025-04-05T22:18:04","date_gmt":"2025-04-05T21:18:04","guid":{"rendered":"https:\/\/orgelbauverein-moelln.de\/?p=3229"},"modified":"2025-04-05T22:18:41","modified_gmt":"2025-04-05T21:18:41","slug":"eroeffnungskonzert-der-monatskonzerte","status":"publish","type":"post","link":"https:\/\/orgelbauverein-moelln.de\/?p=3229","title":{"rendered":"Er\u00f6ffnungskonzert der Monatskonzerte"},"content":{"rendered":"\n<p>Mit dem Konzert des Orgelprofessors Wolfgang Zerer aus Hamburg am 27. April um 17:00 Uhr beginnt die diesj\u00e4hrige Reihe der Monatskonzerte an der Scherer-B\u00fcnting-Flentrop-Orgel mit namhaften K\u00fcnstlern aus dem In- und Ausland.<\/p>\n\n\n\n<p><br>Wolfgang Zerer stammt aus Passau, studierte in Wien, Amsterdam und Stuttgart und ist Preistr\u00e4ger verschiedener Orgelwettbewerbe. Nach ersten Lehrauftr\u00e4gen in Stuttgart und Wien bekleidet er seit 1989 eine Professur an der Hochschule f\u00fcr Musik und Theater in Hamburg. Als Gastdozent f\u00fcr Orgel unterrichtet er zudem seit 1995 am Conservatorium in Groningen und seit 2006 an der Schola Cantorum in Basel. Au\u00dferdem ist er mit Konzerten, als Juror bei Wettbewerben, als Kursdozent sowie mit CD-Aufnahmen in fast ganz Europa, Israel, Nord-und S\u00fcdeuropa, in S\u00fcdkorea und Japan aktiv.<\/p>\n\n\n\n<p><br>F\u00fcr das Konzert in M\u00f6lln stehen neben Werken von Johann Sebastian Bach (u.a. die Triosonate in G-Dur BWV 530 und Chor\u00e4le aus dem \u201eOrgel-B\u00fcchlein\u201c) Kompositionen von Georg Muffat, Philipp Friedrich B\u00f6decker, Heinrich Scheidemann und Pablo Bruna auf dem Programm.<\/p>\n\n\n\n<p>Der Eintritt betr\u00e4gt 12,- \u20ac, Personen j\u00fcnger als 30 Jahre bezahlen 3,- \u20ac<\/p>\n\n\n\n<p><\/p>\n","protected":false},"excerpt":{"rendered":"<p>Mit dem Konzert des Orgelprofessors Wolfgang Zerer aus Hamburg am 27. April um 17:00 Uhr beginnt die diesj\u00e4hrige Reihe der Monatskonzerte an der Scherer-B\u00fcnting-Flentrop-Orgel mit namhaften K\u00fcnstlern aus dem In- und Ausland. Wolfgang Zerer stammt aus Passau, studierte in Wien, Amsterdam und Stuttgart und ist Preistr\u00e4ger verschiedener Orgelwettbewerbe. Nach ersten Lehrauftr\u00e4gen in Stuttgart und Wien [&hellip;]<\/p>\n","protected":false},"author":4,"featured_media":3224,"comment_status":"open","ping_status":"open","sticky":false,"template":"","format":"standard","meta":{"footnotes":""},"categories":[1],"tags":[],"class_list":["post-3229","post","type-post","status-publish","format-standard","has-post-thumbnail","hentry","category-allgemein"],"_links":{"self":[{"href":"https:\/\/orgelbauverein-moelln.de\/index.php?rest_route=\/wp\/v2\/posts\/3229","targetHints":{"allow":["GET"]}}],"collection":[{"href":"https:\/\/orgelbauverein-moelln.de\/index.php?rest_route=\/wp\/v2\/posts"}],"about":[{"href":"https:\/\/orgelbauverein-moelln.de\/index.php?rest_route=\/wp\/v2\/types\/post"}],"author":[{"embeddable":true,"href":"https:\/\/orgelbauverein-moelln.de\/index.php?rest_route=\/wp\/v2\/users\/4"}],"replies":[{"embeddable":true,"href":"https:\/\/orgelbauverein-moelln.de\/index.php?rest_route=%2Fwp%2Fv2%2Fcomments&post=3229"}],"version-history":[{"count":2,"href":"https:\/\/orgelbauverein-moelln.de\/index.php?rest_route=\/wp\/v2\/posts\/3229\/revisions"}],"predecessor-version":[{"id":3231,"href":"https:\/\/orgelbauverein-moelln.de\/index.php?rest_route=\/wp\/v2\/posts\/3229\/revisions\/3231"}],"wp:featuredmedia":[{"embeddable":true,"href":"https:\/\/orgelbauverein-moelln.de\/index.php?rest_route=\/wp\/v2\/media\/3224"}],"wp:attachment":[{"href":"https:\/\/orgelbauverein-moelln.de\/index.php?rest_route=%2Fwp%2Fv2%2Fmedia&parent=3229"}],"wp:term":[{"taxonomy":"category","embeddable":true,"href":"https:\/\/orgelbauverein-moelln.de\/index.php?rest_route=%2Fwp%2Fv2%2Fcategories&post=3229"},{"taxonomy":"post_tag","embeddable":true,"href":"https:\/\/orgelbauverein-moelln.de\/index.php?rest_route=%2Fwp%2Fv2%2Ftags&post=3229"}],"curies":[{"name":"wp","href":"https:\/\/api.w.org\/{rel}","templated":true}]}}