{"id":3189,"date":"2024-08-02T22:40:58","date_gmt":"2024-08-02T21:40:58","guid":{"rendered":"https:\/\/orgelbauverein-moelln.de\/?p=3189"},"modified":"2024-11-28T21:28:54","modified_gmt":"2024-11-28T20:28:54","slug":"benefizkonzert-mit-dem-marais-consort","status":"publish","type":"post","link":"https:\/\/orgelbauverein-moelln.de\/?p=3189","title":{"rendered":"Benefizkonzert mit dem Marais Consort"},"content":{"rendered":"\n<p>Am Samstag, d. 10.08.2024 um 17:00 Uhr gastiert das \u201eMarais Consort\u201c mit dem Gambisten Hans-Georg-Kramer und Ingelore Schubert an der Scherer-B\u00fcnting-Flentrop-Orgel mit seinem Programm: \u201eA Summers Delight \u2013 im Dialog mit einer alten Orgel\u201c in der M\u00f6llner St. Nicolai-Kirche. Auf ihrer sommerlichen musikalischen Reise quer durch Europa pr\u00e4sentieren die beiden K\u00fcnstler Werke aus dem 16.-18. Jahrhundert, von J.P.Sweelinck genauso wie von G.Frescobaldi oder A.Holborne, von L.Couperin genauso wie von J.S.Bach und G. F.H\u00e4ndel. Dabei begegnen und vereinen sich in reizvoller Weise der italienisch-tiroler Klang der Discantviole mit dem norddeutsch-hanseatischen der Scherer-B\u00fcnting-Flentrop-Orgel.<\/p>\n\n\n\n<p>Hans-Georg Kramer studierte bei Johannes Koch, August Wenzinger und Wieland Kuijken und lehrt seit 1988 Viola da Gamba und Auff\u00fchrungspraxis Alter Musik an der Folkwanghochschule in Essen. Neben solistischer T\u00e4tigkeit liegt ein weiterer Schwerpunkt seines Schaffens auf dem Gambenconsort, insbesondere mit italienischen Renaissancegamben. Neben zahlreichen Auftritten bei etablierten Festivals und Konzertreihen ist das Marais Consort auch auf CDs des Labels NOMOS-CLASSICS und immer wieder im Rundfunk zu erleben. F\u00fcr seine herausragenden k\u00fcnstlerischen Leistungen wurde er 2022 mit dem Drosteipreis des Kreises Pinneberg ausgezeichnet.<\/p>\n\n\n\n<p>Ingelore Schubert studierte Cembalo bei Gisela Gumz und Ton Koopman; Meisterkurse bei Robert Kohnen, Jos van Immerseel und Gustav Leonhardt vervollst\u00e4ndigten ihre Ausbildung. Zudem hat sie sich in zahlreichen Konzerten und Einspielungen auch als Spezialistin f\u00fcr historische Orgeln profiliert. Seit 1988 unterrichtet sie historische Tasteninstrumente und Generalbass-Spiel an der Hochschule f\u00fcr K\u00fcnste Bremen. Als Solistin sowie als Cembalistin des Marais Consort f\u00fchrten Konzertreisen sie durch ganz Europa und die ehemalige UdSSR: Swedish Baroque Festival, Musikfestival Asolo\/Venedig, Copenhagen Summer Festival, die Nieders\u00e4chsischen Musiktage, der Fr\u00e4nkische Sommer, WDR Musikfest, Rheingau Musik Festival, Schloss Elmau \u2026 Die Medien (Rundfunk, CD, Fernsehen) begleiteten ihren Weg.<\/p>\n\n\n\n<p>Dieses Konzert wird erm\u00f6glicht durch den Geigenbauer Christian Brosse aus Borstorf und widmet sich dem Andenken seiner verstorbenen Frau Lene. Der Erl\u00f6s kommt der Scherer-B\u00fcnting-Flentrop-Orgel zugute.<\/p>\n\n\n\n<p>Der Eintritt betr\u00e4gt 10,- \u20ac, erm\u00e4\u00dfigt 5,- \u20ac<\/p>\n\n\n\n<p><\/p>\n","protected":false},"excerpt":{"rendered":"<p>Am Samstag, d. 10.08.2024 um 17:00 Uhr gastiert das \u201eMarais Consort\u201c mit dem Gambisten Hans-Georg-Kramer und Ingelore Schubert an der Scherer-B\u00fcnting-Flentrop-Orgel mit seinem Programm: \u201eA Summers Delight \u2013 im Dialog mit einer alten Orgel\u201c in der M\u00f6llner St. Nicolai-Kirche. Auf ihrer sommerlichen musikalischen Reise quer durch Europa pr\u00e4sentieren die beiden K\u00fcnstler Werke aus dem 16.-18. [&hellip;]<\/p>\n","protected":false},"author":4,"featured_media":3191,"comment_status":"open","ping_status":"open","sticky":false,"template":"","format":"standard","meta":{"footnotes":""},"categories":[1],"tags":[],"class_list":["post-3189","post","type-post","status-publish","format-standard","has-post-thumbnail","hentry","category-allgemein"],"_links":{"self":[{"href":"https:\/\/orgelbauverein-moelln.de\/index.php?rest_route=\/wp\/v2\/posts\/3189","targetHints":{"allow":["GET"]}}],"collection":[{"href":"https:\/\/orgelbauverein-moelln.de\/index.php?rest_route=\/wp\/v2\/posts"}],"about":[{"href":"https:\/\/orgelbauverein-moelln.de\/index.php?rest_route=\/wp\/v2\/types\/post"}],"author":[{"embeddable":true,"href":"https:\/\/orgelbauverein-moelln.de\/index.php?rest_route=\/wp\/v2\/users\/4"}],"replies":[{"embeddable":true,"href":"https:\/\/orgelbauverein-moelln.de\/index.php?rest_route=%2Fwp%2Fv2%2Fcomments&post=3189"}],"version-history":[{"count":1,"href":"https:\/\/orgelbauverein-moelln.de\/index.php?rest_route=\/wp\/v2\/posts\/3189\/revisions"}],"predecessor-version":[{"id":3190,"href":"https:\/\/orgelbauverein-moelln.de\/index.php?rest_route=\/wp\/v2\/posts\/3189\/revisions\/3190"}],"wp:featuredmedia":[{"embeddable":true,"href":"https:\/\/orgelbauverein-moelln.de\/index.php?rest_route=\/wp\/v2\/media\/3191"}],"wp:attachment":[{"href":"https:\/\/orgelbauverein-moelln.de\/index.php?rest_route=%2Fwp%2Fv2%2Fmedia&parent=3189"}],"wp:term":[{"taxonomy":"category","embeddable":true,"href":"https:\/\/orgelbauverein-moelln.de\/index.php?rest_route=%2Fwp%2Fv2%2Fcategories&post=3189"},{"taxonomy":"post_tag","embeddable":true,"href":"https:\/\/orgelbauverein-moelln.de\/index.php?rest_route=%2Fwp%2Fv2%2Ftags&post=3189"}],"curies":[{"name":"wp","href":"https:\/\/api.w.org\/{rel}","templated":true}]}}