{"id":3170,"date":"2024-06-24T22:52:27","date_gmt":"2024-06-24T21:52:27","guid":{"rendered":"https:\/\/orgelbauverein-moelln.de\/?p=3170"},"modified":"2024-11-28T21:30:17","modified_gmt":"2024-11-28T20:30:17","slug":"ein-orgelkonzert-mit-kmd-volker-jaenig","status":"publish","type":"post","link":"https:\/\/orgelbauverein-moelln.de\/?p=3170","title":{"rendered":"Ein Orgelkonzert mit KMD Volker J\u00e4nig"},"content":{"rendered":"\n<p><\/p>\n\n\n\n<p>Am Sonntag, den 30. Juni 2024 kehrt der ehemalige Kantor der M\u00f6llner St. Nicolai-Kirche mit einem Orgelkonzert um 17.00 Uhr an seine alte Wirkungsst\u00e4tte zur\u00fcck.<br>Im Jahr 2001 initiierte er die Gr\u00fcndung des Orgelbauvereins St. Nicolai zu M\u00f6lln e.V. mit dem Ziel, die Restaurierung der historisch bedeutsamen Orgel in Angriff zu nehmen. Das Projekt \u00fcberdauerte seinen Wechsel an die Marienkirche in Lemgo im Jahre 2011 und fand mit einer festlichen Wiedereinweihung der Scherer-B\u00fcnting-Flentrop-Orgel im Mai 2022 seinen gelungenen Abschluss.<br>Nach dem Studium der Kirchenmusik mit Konzertexamen Orgel bei Prof. Arvid Gast in L\u00fcbeck und Leipzig folgte f\u00fcr Volker J\u00e4nig 1997 die kirchenmusikalische Assistent an der Nikolai-Kirche Leipzig. Ab 1998 wirkte er 12 Jahre als Kreiskantor an der Stadtkirche St. Nicolai zu M\u00f6lln. Seit 2011 ist er zu gleichen Teilen Landeskantor der Lippischen Landeskirche und Kantor an der Kirche St. Marien in Lemgo. An der Musikhochschule Detmold hat er einen Lehrauftrag f\u00fcr Chorleitung und Orgelbau inne. F\u00fcr seine erfolgreiche und leidenschaftliche Arbeit wurde ihm 2021 der Titel eines Kirchenmusikdirektors verliehen.<br>F\u00fcr sein Konzert in M\u00f6lln hat Volker J\u00e4nig Kompositionen des Hamburger Organisten der Katharinenkirche, Heinrich Scheidemann, sowie dessen Lehrers Jan Pieterzoon Sweelinck ausgew\u00e4hlt. Eine zweite Verbindungslinie im Programm f\u00fchrt vom L\u00fcbecker Marienorganisten Dieterich Buxtehude \u00fcber Johann Sebastian Bach zu dem franz\u00f6sischen Organisten und Cembalisten Louis Marchand, der als reisender Virtuose angeblich 1717 vor einem musikalischen Wettstreit mit Bach entwichen sein soll.<\/p>\n\n\n\n<p>Der Eintritt zu dem Konzert betr\u00e4gt 10,- \u20ac, erm\u00e4\u00dfigt 5,- \u20ac.<\/p>\n\n\n\n<p>Hartmut Ledeboer<\/p>\n\n\n\n<p><\/p>\n","protected":false},"excerpt":{"rendered":"<p>Am Sonntag, den 30. Juni 2024 kehrt der ehemalige Kantor der M\u00f6llner St. Nicolai-Kirche mit einem Orgelkonzert um 17.00 Uhr an seine alte Wirkungsst\u00e4tte zur\u00fcck.Im Jahr 2001 initiierte er die Gr\u00fcndung des Orgelbauvereins St. Nicolai zu M\u00f6lln e.V. mit dem Ziel, die Restaurierung der historisch bedeutsamen Orgel in Angriff zu nehmen. Das Projekt \u00fcberdauerte seinen [&hellip;]<\/p>\n","protected":false},"author":4,"featured_media":3169,"comment_status":"open","ping_status":"open","sticky":false,"template":"","format":"standard","meta":{"footnotes":""},"categories":[1],"tags":[],"class_list":["post-3170","post","type-post","status-publish","format-standard","has-post-thumbnail","hentry","category-allgemein"],"_links":{"self":[{"href":"https:\/\/orgelbauverein-moelln.de\/index.php?rest_route=\/wp\/v2\/posts\/3170","targetHints":{"allow":["GET"]}}],"collection":[{"href":"https:\/\/orgelbauverein-moelln.de\/index.php?rest_route=\/wp\/v2\/posts"}],"about":[{"href":"https:\/\/orgelbauverein-moelln.de\/index.php?rest_route=\/wp\/v2\/types\/post"}],"author":[{"embeddable":true,"href":"https:\/\/orgelbauverein-moelln.de\/index.php?rest_route=\/wp\/v2\/users\/4"}],"replies":[{"embeddable":true,"href":"https:\/\/orgelbauverein-moelln.de\/index.php?rest_route=%2Fwp%2Fv2%2Fcomments&post=3170"}],"version-history":[{"count":1,"href":"https:\/\/orgelbauverein-moelln.de\/index.php?rest_route=\/wp\/v2\/posts\/3170\/revisions"}],"predecessor-version":[{"id":3171,"href":"https:\/\/orgelbauverein-moelln.de\/index.php?rest_route=\/wp\/v2\/posts\/3170\/revisions\/3171"}],"wp:featuredmedia":[{"embeddable":true,"href":"https:\/\/orgelbauverein-moelln.de\/index.php?rest_route=\/wp\/v2\/media\/3169"}],"wp:attachment":[{"href":"https:\/\/orgelbauverein-moelln.de\/index.php?rest_route=%2Fwp%2Fv2%2Fmedia&parent=3170"}],"wp:term":[{"taxonomy":"category","embeddable":true,"href":"https:\/\/orgelbauverein-moelln.de\/index.php?rest_route=%2Fwp%2Fv2%2Fcategories&post=3170"},{"taxonomy":"post_tag","embeddable":true,"href":"https:\/\/orgelbauverein-moelln.de\/index.php?rest_route=%2Fwp%2Fv2%2Ftags&post=3170"}],"curies":[{"name":"wp","href":"https:\/\/api.w.org\/{rel}","templated":true}]}}