{"id":3153,"date":"2024-05-02T23:54:26","date_gmt":"2024-05-02T22:54:26","guid":{"rendered":"https:\/\/orgelbauverein-moelln.de\/?p=3153"},"modified":"2024-06-05T01:03:14","modified_gmt":"2024-06-05T00:03:14","slug":"die-moellner-marktmusiken-starten","status":"publish","type":"post","link":"https:\/\/orgelbauverein-moelln.de\/?p=3153","title":{"rendered":"Die M\u00f6llner Marktmusiken starten"},"content":{"rendered":"\n<p><strong>Mit der Orgel durch das Jahr 2024<\/strong><\/p>\n\n\n\n<p><strong>Die M\u00f6llner Marktmusiken starten<\/strong><\/p>\n\n\n\n<p>Die <strong>Orgelmusiken zur Marktzeit<\/strong> finden 14t\u00e4gig von Mai bis September jeweils am Mittwoch statt. Die Reihe beginnt am <strong>8. Mai um 11 Uhr<\/strong> in der St.Nicolai-Kirche zu M\u00f6lln und &nbsp;wird gestaltet von Orgelstudentin &nbsp;<strong>Seungyeon Han<\/strong>&nbsp; von der Musikhochschule in Hamburg.&nbsp;<\/p>\n\n\n\n<p>Die Scherer-B\u00fcnting-Flentrop-Orgel wurde 2018-2022 durch die holl\u00e4ndische Orgelbaufirma Flentrop aufwendig restauriert. Unter den 2.700 Pfeifen klingen gotische Pfeifen aus dem Jahr 1436. Sie z\u00e4hlen zu den \u00e4ltesten klingenden Orgelpfeifen weltweit. In der Orgel&nbsp; befindet sich der fast gesamten&nbsp; Pfeifenbestande von &nbsp;Jakob Scherer. &nbsp;1555 \u2013 1558 hat er an dieser Orgel gebaut. Er ist der Urvater der gesamten norddeutschen Orgeldynastie.<\/p>\n\n\n\n<p>Der Eintritt ist frei. Am Ausgang wird um eine Spende gebeten.<\/p>\n\n\n\n<p class=\"has-text-align-center\"><em>Die Marktmusiken werden in diesem Jahr unterst\u00fctzt vom Orgelbauverein St.Nicolai zu M\u00f6lln.<\/em><\/p>\n\n\n\n<hr class=\"wp-block-separator has-alpha-channel-opacity\"\/>\n\n\n\n<p><strong>Marktmusiken 2024<\/strong><\/p>\n\n\n\n<p>08. Mai\u00a0\u00a0     Seungyeon Han\u00a0 \u00a0\u00a0\u00a0\u00a0\u00a0\u00a0\u00a0\u00a0\u00a0\u00a0\u00a0\u00a0\u00a0\u00a0\u00a0\u00a0\u00a0\u00a0\u00a0\u00a0\u00a0  Hamburg<\/p>\n\n\n\n<p>22. Mai\u00a0\u00a0     Pelageya Kostina \u00a0\u00a0\u00a0\u00a0\u00a0\u00a0\u00a0\u00a0\u00a0\u00a0\u00a0\u00a0\u00a0\u00a0\u00a0\u00a0\u00a0\u00a0    L\u00fcbeck<\/p>\n\n\n\n<p>05 Juni\u00a0\u00a0\u00a0    Rebecca-Soojung Lee\u00a0\u00a0\u00a0\u00a0 \u00a0\u00a0\u00a0\u00a0\u00a0\u00a0\u00a0\u00a0   Hamburg<\/p>\n\n\n\n<p>19. Juni\u00a0\u00a0\u00a0\u00a0   Rosemarie Tougas \u00a0\u00a0\u00a0\u00a0\u00a0\u00a0\u00a0\u00a0\u00a0 \u00a0\u00a0\u00a0\u00a0\u00a0    L\u00fcbeck<\/p>\n\n\n\n<p>03. Juli\u00a0\u00a0\u00a0\u00a0\u00a0  Mitsune Uchida \u00a0 \u00a0 \u00a0 \u00a0 \u00a0 \u00a0 \u00a0\u00a0\u00a0\u00a0\u00a0\u00a0      Hamburg<\/p>\n\n\n\n<p>17. Juli       Diego De La Fuente Duran\u00a0\u00a0\u00a0     L\u00fcbeck<\/p>\n\n\n\n<p>31. Juli\u00a0\u00a0\u00a0\u00a0\u00a0  Seulgi Yang\u00a0 \u00a0 \u00a0 \u00a0 \u00a0 \u00a0 \u00a0 \u00a0\u00a0\u00a0\u00a0\u00a0\u00a0\u00a0\u00a0\u00a0\u00a0\u00a0\u00a0\u00a0     Hamburg<\/p>\n\n\n\n<p>14. August    Taewoo Kim\u00a0\u00a0\u00a0\u00a0\u00a0\u00a0\u00a0\u00a0\u00a0\u00a0\u00a0\u00a0\u00a0 \u00a0\u00a0\u00a0\u00a0\u00a0\u00a0\u00a0\u00a0\u00a0\u00a0\u00a0\u00a0  L\u00fcbeck<\/p>\n\n\n\n<p>28. August    Florian St\u00f6lzel\u00a0\u00a0\u00a0\u00a0\u00a0\u00a0\u00a0\u00a0\u00a0\u00a0\u00a0\u00a0\u00a0\u00a0\u00a0 \u00a0\u00a0 \u00a0\u00a0\u00a0\u00a0  Hamburg<\/p>\n\n\n\n<p>11. Sept.\u00a0\u00a0\u00a0\u00a0\u00a0  Sarah Proske \u00a0\u00a0\u00a0\u00a0\u00a0\u00a0\u00a0\u00a0\u00a0\u00a0\u00a0\u00a0\u00a0\u00a0\u00a0\u00a0\u00a0\u00a0\u00a0\u00a0\u00a0\u00a0    L\u00fcbeck<\/p>\n\n\n\n<p>25. Sept.\u00a0\u00a0\u00a0    Adrian Brech\u00a0 \u00a0 \u00a0 \u00a0 \u00a0 \u00a0 \u00a0 \u00a0\u00a0\u00a0\u00a0\u00a0\u00a0\u00a0\u00a0\u00a0\u00a0\u00a0  Hamburg<\/p>\n\n\n\n<p><\/p>\n","protected":false},"excerpt":{"rendered":"<p>Mit der Orgel durch das Jahr 2024 Die M\u00f6llner Marktmusiken starten Die Orgelmusiken zur Marktzeit finden 14t\u00e4gig von Mai bis September jeweils am Mittwoch statt. Die Reihe beginnt am 8. Mai um 11 Uhr in der St.Nicolai-Kirche zu M\u00f6lln und &nbsp;wird gestaltet von Orgelstudentin &nbsp;Seungyeon Han&nbsp; von der Musikhochschule in Hamburg.&nbsp; Die Scherer-B\u00fcnting-Flentrop-Orgel wurde 2018-2022 [&hellip;]<\/p>\n","protected":false},"author":4,"featured_media":0,"comment_status":"open","ping_status":"open","sticky":false,"template":"","format":"standard","meta":{"footnotes":""},"categories":[1],"tags":[],"class_list":["post-3153","post","type-post","status-publish","format-standard","hentry","category-allgemein"],"_links":{"self":[{"href":"https:\/\/orgelbauverein-moelln.de\/index.php?rest_route=\/wp\/v2\/posts\/3153","targetHints":{"allow":["GET"]}}],"collection":[{"href":"https:\/\/orgelbauverein-moelln.de\/index.php?rest_route=\/wp\/v2\/posts"}],"about":[{"href":"https:\/\/orgelbauverein-moelln.de\/index.php?rest_route=\/wp\/v2\/types\/post"}],"author":[{"embeddable":true,"href":"https:\/\/orgelbauverein-moelln.de\/index.php?rest_route=\/wp\/v2\/users\/4"}],"replies":[{"embeddable":true,"href":"https:\/\/orgelbauverein-moelln.de\/index.php?rest_route=%2Fwp%2Fv2%2Fcomments&post=3153"}],"version-history":[{"count":6,"href":"https:\/\/orgelbauverein-moelln.de\/index.php?rest_route=\/wp\/v2\/posts\/3153\/revisions"}],"predecessor-version":[{"id":3166,"href":"https:\/\/orgelbauverein-moelln.de\/index.php?rest_route=\/wp\/v2\/posts\/3153\/revisions\/3166"}],"wp:attachment":[{"href":"https:\/\/orgelbauverein-moelln.de\/index.php?rest_route=%2Fwp%2Fv2%2Fmedia&parent=3153"}],"wp:term":[{"taxonomy":"category","embeddable":true,"href":"https:\/\/orgelbauverein-moelln.de\/index.php?rest_route=%2Fwp%2Fv2%2Fcategories&post=3153"},{"taxonomy":"post_tag","embeddable":true,"href":"https:\/\/orgelbauverein-moelln.de\/index.php?rest_route=%2Fwp%2Fv2%2Ftags&post=3153"}],"curies":[{"name":"wp","href":"https:\/\/api.w.org\/{rel}","templated":true}]}}