{"id":3143,"date":"2024-04-14T22:09:35","date_gmt":"2024-04-14T21:09:35","guid":{"rendered":"https:\/\/orgelbauverein-moelln.de\/?p=3143"},"modified":"2024-04-14T22:09:36","modified_gmt":"2024-04-14T21:09:36","slug":"musikalisches-orgelhighlight-mit-internationalem-flair","status":"publish","type":"post","link":"https:\/\/orgelbauverein-moelln.de\/?p=3143","title":{"rendered":"Musikalisches Orgelhighlight mit internationalem Flair"},"content":{"rendered":"\n<p>Mit dem Niederl\u00e4nder Dr. Pieter Dirksen kommt am 28. April um 17.00 Uhr nicht nur ein ausgewiesener Kenner historischer Orgeln in die M\u00f6llner St. Nicolai-Kirche, er verf\u00fcgt als Musikwissenschaftler zudem \u00fcber ein profundes Wissen der Orgelmusik des 17. und 18. Jahrhunderts, worauf er sein Programm ausgerichtet hat: Ausgehend von den Hamburger Organistenkollegen Heinrich Scheidemann und Matthias Weckmann unternimmt Dirksen einen reizvollen Abstecher nach Frankreich zum Organisten und Hofmusikus unter Ludwig XIV., Louis Couperin, um \u00fcber Wilhelm Friedemann Bach zu dessen Vater Johann Sebastian zu kommen, mit dessen Praeludium und Fuge in C-Dur BWV 547 das Konzert seinen prachtvollen Abschluss finden wird.&nbsp;<\/p>\n\n\n\n<p>Pieter Dirksen hat als Titularorganist in Cuijk nahe Nimwegen eine historische Orgel von 1650 unter seinen H\u00e4nden, als Cembalist wie als Organist arbeitet er solistisch wie in verschiedenen Ensembles, seine Aufnahmen sind mehrfach ausgezeichnet. Nach dem Studium der Musikwissenschaften promovierte er \u00fcber die \u201eClaviermusik Sweelincks\u201c und wurde daf\u00fcr mit dem \u201ePraemium Erasmianum\u201c ausgezeichnet.&nbsp; Als Autor und Herausgeber liegt sein Schwerpunkt auf der Musik Bachs wie des 17. Jahrhunderts. Dar\u00fcber hinaus ist er ein gefragter Gastprofessor, der von Italien bis Schweden genauso wie von Spanien bis Russland t\u00e4tig ist.<\/p>\n\n\n\n<p>Der Eintritt betr\u00e4gt 10,- \u20ac, erm\u00e4\u00dfigt 5,-\u20ac<\/p>\n\n\n\n<p><\/p>\n","protected":false},"excerpt":{"rendered":"<p>Mit dem Niederl\u00e4nder Dr. Pieter Dirksen kommt am 28. April um 17.00 Uhr nicht nur ein ausgewiesener Kenner historischer Orgeln in die M\u00f6llner St. Nicolai-Kirche, er verf\u00fcgt als Musikwissenschaftler zudem \u00fcber ein profundes Wissen der Orgelmusik des 17. und 18. Jahrhunderts, worauf er sein Programm ausgerichtet hat: Ausgehend von den Hamburger Organistenkollegen Heinrich Scheidemann und [&hellip;]<\/p>\n","protected":false},"author":4,"featured_media":0,"comment_status":"open","ping_status":"open","sticky":false,"template":"","format":"standard","meta":{"footnotes":""},"categories":[1],"tags":[],"class_list":["post-3143","post","type-post","status-publish","format-standard","hentry","category-allgemein"],"_links":{"self":[{"href":"https:\/\/orgelbauverein-moelln.de\/index.php?rest_route=\/wp\/v2\/posts\/3143","targetHints":{"allow":["GET"]}}],"collection":[{"href":"https:\/\/orgelbauverein-moelln.de\/index.php?rest_route=\/wp\/v2\/posts"}],"about":[{"href":"https:\/\/orgelbauverein-moelln.de\/index.php?rest_route=\/wp\/v2\/types\/post"}],"author":[{"embeddable":true,"href":"https:\/\/orgelbauverein-moelln.de\/index.php?rest_route=\/wp\/v2\/users\/4"}],"replies":[{"embeddable":true,"href":"https:\/\/orgelbauverein-moelln.de\/index.php?rest_route=%2Fwp%2Fv2%2Fcomments&post=3143"}],"version-history":[{"count":1,"href":"https:\/\/orgelbauverein-moelln.de\/index.php?rest_route=\/wp\/v2\/posts\/3143\/revisions"}],"predecessor-version":[{"id":3144,"href":"https:\/\/orgelbauverein-moelln.de\/index.php?rest_route=\/wp\/v2\/posts\/3143\/revisions\/3144"}],"wp:attachment":[{"href":"https:\/\/orgelbauverein-moelln.de\/index.php?rest_route=%2Fwp%2Fv2%2Fmedia&parent=3143"}],"wp:term":[{"taxonomy":"category","embeddable":true,"href":"https:\/\/orgelbauverein-moelln.de\/index.php?rest_route=%2Fwp%2Fv2%2Fcategories&post=3143"},{"taxonomy":"post_tag","embeddable":true,"href":"https:\/\/orgelbauverein-moelln.de\/index.php?rest_route=%2Fwp%2Fv2%2Ftags&post=3143"}],"curies":[{"name":"wp","href":"https:\/\/api.w.org\/{rel}","templated":true}]}}