{"id":3128,"date":"2024-02-11T23:57:50","date_gmt":"2024-02-11T22:57:50","guid":{"rendered":"https:\/\/orgelbauverein-moelln.de\/?p=3128"},"modified":"2024-02-12T00:18:49","modified_gmt":"2024-02-11T23:18:49","slug":"kirchenmusik-in-der-vakanzzeit","status":"publish","type":"post","link":"https:\/\/orgelbauverein-moelln.de\/?p=3128","title":{"rendered":"Kirchenmusik in der Vakanzzeit"},"content":{"rendered":"\n<p>Lang, lang ist\u2019s her, da begannen die Menschen in ihrem kleinen Ort ein Schloss zu bauen. \u00dcber Generationen wurde es pr\u00e4chtiger und pr\u00e4chtiger und die Menschen erfreuten sich daran. Aber als der letzte Schlossherr verschwand, drohte auch das Interesse am Schloss zu erlahmen, das Geb\u00e4ude zu verfallen. Ranken und Dornen \u00fcberwucherten den Bau. Vielleicht dauert es hundert Jahre, bis sich ein Prinz durch das Gewirr der Zweige k\u00e4mpft und die im Schloss schlummernde Prinzessin wachk\u00fcsst\u2026<\/p>\n\n\n\n<p><br>Wird so oder so \u00e4hnlich das Schicksal auch die Scherer-B\u00fcnting-Flentrop-Orgel in der M\u00f6llner St. Nicolai-Kirche ereilen?<br>Zumindest versucht ein kleiner Kreis von Liebhabern, das Anwesen pfleglich zu erhalten. Die beiden von Thimo Neumann ins Leben gerufenen Reihen von Orgelkonzerten finden auch im Jahr 2024 trotz knapper werdender finanzieller Mittel weiterhin statt: am Mittwoch, d. 8. Mai zur gewohnten Zeit um 11:00 Uhr er\u00f6ffnet Seungyeon Han aus Hamburg die Marktmusiken. Im vierzehnt\u00e4gigen Rhythmus l\u00f6sen sich Orgelstudent:innen aus L\u00fcbeck und Hamburg mit ihren halbst\u00fcndigen Programmen bei den weiteren zehn Marktmusiken bis Ende September ab, eine dankbare Gelegenheit f\u00fcr die Student:innen, Erfahrungen mit einem konsequent nach historischem Vorbild restaurierten Instrument zu sammeln, f\u00fcr das Publikum die Chance, enthusiastische Beitr\u00e4ge zuk\u00fcnftiger Gr\u00f6\u00dfen des Orgelspiels zu erleben.<\/p>\n\n\n\n<p><br>In der Reihe der internationalen Meisterkonzerte ist es gelungen, neben etablierten Organist:innen aus der Region renommierte Musiker:innen aus dem In- und Ausland zu gewinnen. Die Er\u00f6ffnung der Reihe spielt Susanne Bornhold (Aum\u00fchle) am Ostermontag, d. 1. April. Das zweite Konzert bestreitet am 28. April der Spezialist f\u00fcr Alte Musik und Musikwissenschaftler Dr. Pieter Dirksen (Niederlande). Im Rahmen ihres Benefizkonzertes am 26. Mai wird Dagmar L\u00fcbking (Hamburg) ihre neue, auf der Scherer-B\u00fcnting-Flentrop-Orgel eingespielte CD pr\u00e4sentieren. Alle Konzerte beginnen jeweils um 17:00 Uhr.<br>Apropos CD: Seit Dezember vergangenen Jahres ist endlich auch die h\u00f6renswerte erste CD \u201eM\u00f6llner Klangeschichte\u201c mit der Scherer-B\u00fcnting \u2013Flentrop-Orgel erh\u00e4ltlich, eingespielt von den Orgelprofessoren Arvid Gast (L\u00fcbeck) umd Pieter van Dijk (Hamburg\/Amsterdam), sowie unserem ehemaligen Kantor Thimo Neumann. Zu h\u00f6ren sind Werke von der norddeutschen Renaissance- und Barockzeit (M. Weckmann, N. Bruhns, D. Buxtehude u.a.) \u00fcber J.S. Bach, den in M\u00f6lln geborenen Bachsch\u00fcler J.G. M\u00fcthel, W.A. Mozart bis hin zu einem kleinen Ausflug in die Moderne. F\u00fcr \u20ac 15,- ist die CD in der Nicolaikirche oder im Kirchenb\u00fcro zu bekommen. Der Erl\u00f6s kommt der Kirchenmusik zugute.<\/p>\n\n\n\n<p><br>Und auch die Probenarbeit in den Ch\u00f6ren der Gemeinde wird fortgesetzt. Als Vakanzvertretung f\u00fcr den Nicolaichor konnte der ehemalige L\u00fcbecker Domkantor Hartmut Rohmeyer verpflichtet werden. Unter seiner Leitung werden musikalische Gottesdienste vorbereitet. Die Leitung des Gospelchores liegt in den H\u00e4nden von Meike Siebert, die Kinderch\u00f6re bereiten sich mit der ehemaligen Kreiskantorin Ulrike Borghardt-Sohns auf den Kinderchortag am 15. Juni in Ratzeburg vor.<br>Sollte es auch noch ein wenig dauern, bis die Kantorenstelle an St. Nicolai wieder besetzt ist, d\u00fcrfen wir also zuversichtlich sein, dass die Kirchenmusik in M\u00f6lln in der Zwischenzeit nicht unter Ranken und Dornen verschwindet, sondern dank der Pflege von vielen Seiten weiterhin lebendig bleibt.<\/p>\n\n\n\n<p><\/p>\n\n\n\n<p>Hartmut Ledeboer<\/p>\n\n\n\n<p><\/p>\n","protected":false},"excerpt":{"rendered":"<p>Lang, lang ist\u2019s her, da begannen die Menschen in ihrem kleinen Ort ein Schloss zu bauen. \u00dcber Generationen wurde es pr\u00e4chtiger und pr\u00e4chtiger und die Menschen erfreuten sich daran. Aber als der letzte Schlossherr verschwand, drohte auch das Interesse am Schloss zu erlahmen, das Geb\u00e4ude zu verfallen. Ranken und Dornen \u00fcberwucherten den Bau. Vielleicht dauert [&hellip;]<\/p>\n","protected":false},"author":4,"featured_media":3131,"comment_status":"open","ping_status":"open","sticky":false,"template":"","format":"standard","meta":{"footnotes":""},"categories":[1],"tags":[],"class_list":["post-3128","post","type-post","status-publish","format-standard","has-post-thumbnail","hentry","category-allgemein"],"_links":{"self":[{"href":"https:\/\/orgelbauverein-moelln.de\/index.php?rest_route=\/wp\/v2\/posts\/3128","targetHints":{"allow":["GET"]}}],"collection":[{"href":"https:\/\/orgelbauverein-moelln.de\/index.php?rest_route=\/wp\/v2\/posts"}],"about":[{"href":"https:\/\/orgelbauverein-moelln.de\/index.php?rest_route=\/wp\/v2\/types\/post"}],"author":[{"embeddable":true,"href":"https:\/\/orgelbauverein-moelln.de\/index.php?rest_route=\/wp\/v2\/users\/4"}],"replies":[{"embeddable":true,"href":"https:\/\/orgelbauverein-moelln.de\/index.php?rest_route=%2Fwp%2Fv2%2Fcomments&post=3128"}],"version-history":[{"count":1,"href":"https:\/\/orgelbauverein-moelln.de\/index.php?rest_route=\/wp\/v2\/posts\/3128\/revisions"}],"predecessor-version":[{"id":3129,"href":"https:\/\/orgelbauverein-moelln.de\/index.php?rest_route=\/wp\/v2\/posts\/3128\/revisions\/3129"}],"wp:featuredmedia":[{"embeddable":true,"href":"https:\/\/orgelbauverein-moelln.de\/index.php?rest_route=\/wp\/v2\/media\/3131"}],"wp:attachment":[{"href":"https:\/\/orgelbauverein-moelln.de\/index.php?rest_route=%2Fwp%2Fv2%2Fmedia&parent=3128"}],"wp:term":[{"taxonomy":"category","embeddable":true,"href":"https:\/\/orgelbauverein-moelln.de\/index.php?rest_route=%2Fwp%2Fv2%2Fcategories&post=3128"},{"taxonomy":"post_tag","embeddable":true,"href":"https:\/\/orgelbauverein-moelln.de\/index.php?rest_route=%2Fwp%2Fv2%2Ftags&post=3128"}],"curies":[{"name":"wp","href":"https:\/\/api.w.org\/{rel}","templated":true}]}}