{"id":3092,"date":"2023-09-25T22:57:11","date_gmt":"2023-09-25T21:57:11","guid":{"rendered":"https:\/\/orgelbauverein-moelln.de\/?p=3092"},"modified":"2023-09-27T22:36:54","modified_gmt":"2023-09-27T21:36:54","slug":"wie-bin-ich-zur-vorm-scherer-buentig-orgel-gekommen","status":"publish","type":"post","link":"https:\/\/orgelbauverein-moelln.de\/?p=3092","title":{"rendered":"Wie bin ich zur Scherer-B\u00fcnting-Orgel gekommen.."},"content":{"rendered":"\n<p>Der Pfeifenpate und Unterst\u00fctzer unserer Scherer-B\u00fcnting-Flentrop-Orgel M. S. aus K\u00f6nigswusterhausen berichtet wie er zur Orgel in M\u00f6lln gekommen ist. Lesen Sie seinen interessanten Beitrag &#8230;..<\/p>\n\n\n\n<hr class=\"wp-block-separator has-alpha-channel-opacity\"\/>\n\n\n\n<p><\/p>\n\n\n\n<p><strong><mark style=\"background-color:rgba(0, 0, 0, 0)\" class=\"has-inline-color has-black-color\">Wie bin ich zur (vorm.) Scherer-B\u00fcntig-Orgel gekommen..<\/mark><\/strong><\/p>\n\n\n\n<p>Wie immer spielen ganz andere Gegebenheiten und Wechselspiele im Leben eine Rolle und Ankn\u00fcpfungspunkte.<\/p>\n\n\n\n<p>Ein bissig-humorvolles Essay von Roger Willemsen (deutscher Publizist, Fernsehmoderator und Filmproduzent, gest. 2016) \u00fcber M\u00f6lln\/Eulenspiegelstadt war erster Anla\u00df, auf der R\u00fcckfahrt von HH von der Autobahn ab- und in M\u00f6lln einzufahren.<\/p>\n\n\n\n<p>Die St\u00e4dtchenbesichtigung des freundlichen Altst\u00e4dtchens endete in St. Nicolai und dem gro\u00dfen Erstaunen bei dem Blick zur L\u00fccke \u00fcber der W-Empore. Die Darstellung von Ausstellungsst\u00fccken, Geschichte, Spendentafel, die Besch\u00e4ftigung mit der Vorgeschichte der Orgel, nicht zuletzt das Engagement des Orgelbauvereins hatten schnell zu dem Entschlu\u00df gef\u00fchrt, etwas zur Restaurierung beizutragen. Im Hinterkopf war schon immer die Vorstellung, mich in eine Orgelrestaurierung einzubringen. Bisher hatte ich noch nichts Passendes (gut erreichbares) gefunden.<\/p>\n\n\n\n<p>Die ersten meiner Pfeifenpatenschaften fanden sich f\u00fcr die gotischen Pfeifen \u201eB-A-C-H\u201c.<br>Dann f\u00fcgte sich eins zum anderen (s. o \u2026 das Leben) bzw. eine zur anderen.<\/p>\n\n\n\n<p>Der Orgelbauverein lud ein zur Besichtigung der Werkstatt Flentrop in Zaandam, Holland.<br>Es war ein Highlight, von Erik W., dem Chef, und den Mitarbeitern die Abl\u00e4ufe in Orgelbau und -restaurierung ganzt\u00e4gig detailliert dargestellt zu bekommen und zu besichtigen.<\/p>\n\n\n\n<p>Etwas sp\u00e4ter wurde mein PKW entwendet. Da kein Ersatz f\u00fcr erforderlich gehalten wurde, nutzte ich die Erstattung der Versicherung f\u00fcr Bahncard und weitere Pfeifenpatenschaften.<\/p>\n\n\n\n<p>Zuf\u00e4llig fand sich beim Schrank aufr\u00e4umen eine dort deponierte R\u00fccklage f\u00fcr Problemf\u00e4lle.<br>Was tut man sinnvollerweise damit? &#8211; etwas f\u00fcr \u201eMarie\u201c, wie ich sie nenne.<\/p>\n\n\n\n<p>Im Verlauf der Restaurierung und dem Einbau wurde auch eine Entscheidung f\u00e4llig, wie die v\u00f6llig verwurmten Schleierbretter ersetzt werden sollten , nur ausges\u00e4gt oder geschnitzt. Mit einer kleinen Entscheidungshilfe meinerseits wurden sie von einer fachkundigen Werkstatt den Originalen nahekommend geschnitzt.<\/p>\n\n\n\n<p>Die regelm\u00e4\u00dfigen Besuche zur Verfolgung des Einbaufortschritts und der Feinarbeiten, die Orgelweihe 2022, div. wundersch\u00f6ne Konzerte mit namhaften Organisten, B\u00e4lge treten und gewonnene Freunde in M\u00f6lln waren schon Entsch\u00e4digung f\u00fcr den Einsatz und hinterlassen eine enge Bindung an die geliebte Marie.<\/p>\n\n\n\n<p>Und nicht zu vergessen, ein gro\u00dfes Lob f\u00fcr den unerm\u00fcdlichen Einsatz des Orgelbauvereins, dieses Schmuckst\u00fcck der Nachwelt zu erhalten.<\/p>\n\n\n\n<p>Weiterhin viel Freude den G\u00e4sten und alles Gute f\u00fcr Marie. M\u00f6ge sie lange gespielt, gepflegt und erhalten werden.<\/p>\n\n\n\n<p><\/p>\n\n\n\n<p>M. S., K\u00f6nigs Wusterhausen (gr\u00f6\u00dfter bekannter Vorort von KW im Norden ist Berlin)<br>im August 2023<\/p>\n\n\n\n<p><\/p>\n\n\n\n<p>Ps: \u00dcbrigens, wer ein Geldst\u00fcck in die Rinde der Eulenspiegel-Linde vor St. Nicolai steckt und diese dreimal gegen den Uhrzeigersinn umkreist, dem geht das Geld nie aus. Bisher hat es geholfen ;)\u2026 In Not kann man in der Rinde verbliebenes Kleingeld raus kratzen\u2026<br>Marie kann das alles nicht. Da mu\u00dften die Paten helfen.<\/p>\n\n\n\n<p><\/p>\n\n\n\n<p><\/p>\n","protected":false},"excerpt":{"rendered":"<p>Der Pfeifenpate und Unterst\u00fctzer unserer Scherer-B\u00fcnting-Flentrop-Orgel M. S. aus K\u00f6nigswusterhausen berichtet wie er zur Orgel in M\u00f6lln gekommen ist. Lesen Sie seinen interessanten Beitrag &#8230;.. Wie bin ich zur (vorm.) Scherer-B\u00fcntig-Orgel gekommen.. Wie immer spielen ganz andere Gegebenheiten und Wechselspiele im Leben eine Rolle und Ankn\u00fcpfungspunkte. Ein bissig-humorvolles Essay von Roger Willemsen (deutscher Publizist, Fernsehmoderator [&hellip;]<\/p>\n","protected":false},"author":4,"featured_media":3106,"comment_status":"open","ping_status":"open","sticky":false,"template":"","format":"standard","meta":{"footnotes":""},"categories":[1],"tags":[],"class_list":["post-3092","post","type-post","status-publish","format-standard","has-post-thumbnail","hentry","category-allgemein"],"_links":{"self":[{"href":"https:\/\/orgelbauverein-moelln.de\/index.php?rest_route=\/wp\/v2\/posts\/3092","targetHints":{"allow":["GET"]}}],"collection":[{"href":"https:\/\/orgelbauverein-moelln.de\/index.php?rest_route=\/wp\/v2\/posts"}],"about":[{"href":"https:\/\/orgelbauverein-moelln.de\/index.php?rest_route=\/wp\/v2\/types\/post"}],"author":[{"embeddable":true,"href":"https:\/\/orgelbauverein-moelln.de\/index.php?rest_route=\/wp\/v2\/users\/4"}],"replies":[{"embeddable":true,"href":"https:\/\/orgelbauverein-moelln.de\/index.php?rest_route=%2Fwp%2Fv2%2Fcomments&post=3092"}],"version-history":[{"count":15,"href":"https:\/\/orgelbauverein-moelln.de\/index.php?rest_route=\/wp\/v2\/posts\/3092\/revisions"}],"predecessor-version":[{"id":3117,"href":"https:\/\/orgelbauverein-moelln.de\/index.php?rest_route=\/wp\/v2\/posts\/3092\/revisions\/3117"}],"wp:featuredmedia":[{"embeddable":true,"href":"https:\/\/orgelbauverein-moelln.de\/index.php?rest_route=\/wp\/v2\/media\/3106"}],"wp:attachment":[{"href":"https:\/\/orgelbauverein-moelln.de\/index.php?rest_route=%2Fwp%2Fv2%2Fmedia&parent=3092"}],"wp:term":[{"taxonomy":"category","embeddable":true,"href":"https:\/\/orgelbauverein-moelln.de\/index.php?rest_route=%2Fwp%2Fv2%2Fcategories&post=3092"},{"taxonomy":"post_tag","embeddable":true,"href":"https:\/\/orgelbauverein-moelln.de\/index.php?rest_route=%2Fwp%2Fv2%2Ftags&post=3092"}],"curies":[{"name":"wp","href":"https:\/\/api.w.org\/{rel}","templated":true}]}}