{"id":3076,"date":"2023-05-14T20:39:36","date_gmt":"2023-05-14T19:39:36","guid":{"rendered":"https:\/\/orgelbauverein-moelln.de\/?p=3076"},"modified":"2023-05-14T22:21:21","modified_gmt":"2023-05-14T21:21:21","slug":"viel-los-an-der-orgel","status":"publish","type":"post","link":"https:\/\/orgelbauverein-moelln.de\/?p=3076","title":{"rendered":"Viel los an der Orgel"},"content":{"rendered":"\n<p>Zum einj\u00e4hrigen Jubil\u00e4um der Scherer-B\u00fcnting-Orgel kam meine orgelbegeisterte Freundin C\u00e4cilia zu Besuch: \u201eEure Orgel ist wahrlich ein Meisterwerk! Ich bin vollkommen begeistert. Die Klangfarben der historischen Register sind so lebendig, alle individuell, und erm\u00f6glichen trotzdem vielf\u00e4ltige Kombinationsm\u00f6glichkeiten und Wechselwirkungen. Ich habe einen Orgelbauer aus Dresden sagen h\u00f6ren, dass er sich nicht hat vorstellen k\u00f6nnen, dass aus dem Konglomerat an Pfeifen so unterschiedlicher Zeiten und Erbauer wieder ein so in sich stimmiges Instrument hat entstehen k\u00f6nnen!<\/p>\n\n\n\n<p><br>Und nicht nur dass: Auch die von der Firma Flentrop zwar an historischen Vorbildern orientierten, aber neu geschaffenen Pfeifen erg\u00e4nzen und bereichern den vorhandenen Bestand nahtlos. Ihr solltet die Firma Flentrop bei der Nennung der Orgel nicht unter den Tisch fallen lassen!\u201c \u201eLiebe C\u00e4cilia, dem kann ich nur beipflichten! Und Thimo Neumann, unser Kantor, hat das auch schon in die Tat umgesetzt: Im Flyer f\u00fcr die diesj\u00e4hrige Kirchenmusiksaison spricht er immer von der \u201eScherer-B\u00fcnting-Flentrop-Orgel\u201c. \u201eOkay! Bisschen lang ist der Name ja, aber immerhin kommt dadurch gut zum Ausdruck, dass viele verschiedene Orgelbauer ihre Spuren hinterlassen haben. Da kann ich nur hoffen, dass viele Menschen sich von dem Flyer oder anderen Hinweisen anregen lassen und M\u00f6llns neue \u201aH\u00f6rensw\u00fcrdigkeit\u2018 live erleben!<\/p>\n\n\n\n<p><br>Euer Kantor hat ja wirklich ein breites Angebot auf die Beine gestellt: Eine Konzertreihe mit jeweils einem gro\u00dfen Orgelkonzert mit renommierten K\u00fcnstler*innen meist um 17:00 Uhr am letzten Sonntag im Monat, dann die Reihe mit den Marktmusiken, bei der im Sommerhalbjahr mittwochs um 11:00 Uhr im vierzehnt\u00e4gigen Turnus Studenten eine halbe Stunde Orgelmusik spielen. Auch Konzerte f\u00fcr Orgel und Instrumente habe ich gesehen. Und im Gottesdienst und bei Trauungen kommt sie doch bestimmt auch zum Einsatz, oder?\u201c \u201eAber selbstverst\u00e4ndlich! Gelegentlich gibt es sogar die M\u00f6glichkeit zum Mitmachen: Bei Calcanten-Gottesdiensten wird der Motor der Orgel ausgeschaltet und die B\u00e4lge werden wie fr\u00fcher mit Menschenkraft getreten. Dazu haben wir inzwischen sogar eine Calcantengilde gegr\u00fcndet. Wer die Orgel gerne selber einmal auf diese Weise mit Luft versorgen m\u00f6chte, kann sich gerne bei Kantor Thimo Neumann oder dem Orgelbauverein melden. Neue Mitglieder in der Gilde sind herzlich willkommen.\u201c \u201eDa bleibt doch nur, es jetzt mit Paul Gerhardt zu halten, der ja schon in EG 58 gedichtet hat: \u201eNun lasst uns gehen und treten\u2026\u201c.<\/p>\n\n\n\n<p>Hartmut Ledeboer<\/p>\n","protected":false},"excerpt":{"rendered":"<p>Zum einj\u00e4hrigen Jubil\u00e4um der Scherer-B\u00fcnting-Orgel kam meine orgelbegeisterte Freundin C\u00e4cilia zu Besuch: \u201eEure Orgel ist wahrlich ein Meisterwerk! Ich bin vollkommen begeistert. Die Klangfarben der historischen Register sind so lebendig, alle individuell, und erm\u00f6glichen trotzdem vielf\u00e4ltige Kombinationsm\u00f6glichkeiten und Wechselwirkungen. Ich habe einen Orgelbauer aus Dresden sagen h\u00f6ren, dass er sich nicht hat vorstellen k\u00f6nnen, dass [&hellip;]<\/p>\n","protected":false},"author":4,"featured_media":3078,"comment_status":"open","ping_status":"open","sticky":false,"template":"","format":"standard","meta":{"footnotes":""},"categories":[1],"tags":[],"class_list":["post-3076","post","type-post","status-publish","format-standard","has-post-thumbnail","hentry","category-allgemein"],"_links":{"self":[{"href":"https:\/\/orgelbauverein-moelln.de\/index.php?rest_route=\/wp\/v2\/posts\/3076","targetHints":{"allow":["GET"]}}],"collection":[{"href":"https:\/\/orgelbauverein-moelln.de\/index.php?rest_route=\/wp\/v2\/posts"}],"about":[{"href":"https:\/\/orgelbauverein-moelln.de\/index.php?rest_route=\/wp\/v2\/types\/post"}],"author":[{"embeddable":true,"href":"https:\/\/orgelbauverein-moelln.de\/index.php?rest_route=\/wp\/v2\/users\/4"}],"replies":[{"embeddable":true,"href":"https:\/\/orgelbauverein-moelln.de\/index.php?rest_route=%2Fwp%2Fv2%2Fcomments&post=3076"}],"version-history":[{"count":2,"href":"https:\/\/orgelbauverein-moelln.de\/index.php?rest_route=\/wp\/v2\/posts\/3076\/revisions"}],"predecessor-version":[{"id":3080,"href":"https:\/\/orgelbauverein-moelln.de\/index.php?rest_route=\/wp\/v2\/posts\/3076\/revisions\/3080"}],"wp:featuredmedia":[{"embeddable":true,"href":"https:\/\/orgelbauverein-moelln.de\/index.php?rest_route=\/wp\/v2\/media\/3078"}],"wp:attachment":[{"href":"https:\/\/orgelbauverein-moelln.de\/index.php?rest_route=%2Fwp%2Fv2%2Fmedia&parent=3076"}],"wp:term":[{"taxonomy":"category","embeddable":true,"href":"https:\/\/orgelbauverein-moelln.de\/index.php?rest_route=%2Fwp%2Fv2%2Fcategories&post=3076"},{"taxonomy":"post_tag","embeddable":true,"href":"https:\/\/orgelbauverein-moelln.de\/index.php?rest_route=%2Fwp%2Fv2%2Ftags&post=3076"}],"curies":[{"name":"wp","href":"https:\/\/api.w.org\/{rel}","templated":true}]}}