{"id":2965,"date":"2022-03-16T20:29:17","date_gmt":"2022-03-16T19:29:17","guid":{"rendered":"https:\/\/orgelbauverein-moelln.de\/?p=2965"},"modified":"2024-02-12T00:24:22","modified_gmt":"2024-02-11T23:24:22","slug":"alles-neu-macht-der-mai-die-orgeleinweihung","status":"publish","type":"post","link":"https:\/\/orgelbauverein-moelln.de\/?p=2965","title":{"rendered":"\u201eAlles neu macht der Mai\u201c &#8211; die Orgeleinweihung"},"content":{"rendered":"\n<p>Im wundersch\u00f6nen Monat Mai, als alle Knospen sprangen \u2026, hat Heinrich Heine gedichtet. Was liegt n\u00e4her, als dann auch bei der Scherer-B\u00fcnting-Orgel die klanglichen Knospen aufbl\u00fchen zu lassen. Nachdem am 3. Advent das fertiggestellte R\u00fcckpositiv den Glanz der klanglichen Bl\u00fcten schon einmal kurz und verhei\u00dfungsvoll hat aufscheinen lassen, zog sich die Orgel wieder in ihre Omikron-Winterruhe zur\u00fcck.<\/p>\n\n\n\n<p>Aber unter der ruhigen Oberfl\u00e4che gingen die Arbeiten am Instrument unvermindert weiter. Konsequent haben die Intonateure zuletzt die optimalen Kl\u00e4nge aus den historischen Pfeifen herausgekitzelt.<br>In der Werkstatt in den Niederlanden entstanden neue Pfeifen als Kopien verloren gegangener Originale, gefertigt in Handarbeit wie seit Jahrhunderten und abgestimmt auf die erhaltenen Vorbilder.<\/p>\n\n\n\n<p>Am Wochenende vom 6. &#8211; 8. Mai 2022 wird die Einweihung nun stattfinden, nachdem sie f\u00fcr den vergangenen Dezember leider kurzfristig abgesagt werden musste. An diesem Wochenende ist es gelungen, das Programm, wie schon f\u00fcr den 3. Advent geplant, komplett zu \u00fcbernehmen: am Freitag die Orgelweihe und das Er\u00f6ffnungskonzert mit Prof. Arvid Gast und Prof. Pieter van Dijk; am Samstag ein Orgelbauprojekt f\u00fcr Kinder und Erwachsene, Vortr\u00e4ge von Orgelbauern und Organisten rund um die M\u00f6llner Orgel und ihre Geschichte, au\u00dferdem zwei Konzerte mit dem Ensemble Marescotti und Prof. Harald Vogel; am Sonntag schlie\u00dflich ein festlicher Gottesdienst mit Thimo Neumann und ein Abschlusskonzert mit Prof. Krzysztof Urbaniak.<\/p>\n\n\n\n<p>Wer schon f\u00fcr den vorigenTermin eine Einladung bekommen hatte, erh\u00e4lt selbstverst\u00e4ndlich wieder eine.<br>Weitere Interessenten melden sich bitte im Kirchenb\u00fcro (Tel: 04542 \/ 85688-14 oder -15) oder beim Orgelbauverein (info@orgelbauverein-moelln.de), um sich ebenso anmelden zu k\u00f6nnen.<br>Wir sind zuversichtlich, dass die Besucher mit Blick auf die Orgel nach dem Wochenende mit Heine fortsetzen k\u00f6nnen:<br>\u201e\u2026Da ist in meinem Herzen die Liebe aufgegangen.\u201c<\/p>\n\n\n\n<p>Hartmut Ledeboer<\/p>\n\n\n\n<p><\/p>\n","protected":false},"excerpt":{"rendered":"<p>Im wundersch\u00f6nen Monat Mai, als alle Knospen sprangen \u2026, hat Heinrich Heine gedichtet. Was liegt n\u00e4her, als dann auch bei der Scherer-B\u00fcnting-Orgel die klanglichen Knospen aufbl\u00fchen zu lassen. Nachdem am 3. Advent das fertiggestellte R\u00fcckpositiv den Glanz der klanglichen Bl\u00fcten schon einmal kurz und verhei\u00dfungsvoll hat aufscheinen lassen, zog sich die Orgel wieder in ihre [&hellip;]<\/p>\n","protected":false},"author":4,"featured_media":2928,"comment_status":"open","ping_status":"open","sticky":false,"template":"","format":"standard","meta":{"footnotes":""},"categories":[1],"tags":[],"class_list":["post-2965","post","type-post","status-publish","format-standard","has-post-thumbnail","hentry","category-allgemein"],"_links":{"self":[{"href":"https:\/\/orgelbauverein-moelln.de\/index.php?rest_route=\/wp\/v2\/posts\/2965","targetHints":{"allow":["GET"]}}],"collection":[{"href":"https:\/\/orgelbauverein-moelln.de\/index.php?rest_route=\/wp\/v2\/posts"}],"about":[{"href":"https:\/\/orgelbauverein-moelln.de\/index.php?rest_route=\/wp\/v2\/types\/post"}],"author":[{"embeddable":true,"href":"https:\/\/orgelbauverein-moelln.de\/index.php?rest_route=\/wp\/v2\/users\/4"}],"replies":[{"embeddable":true,"href":"https:\/\/orgelbauverein-moelln.de\/index.php?rest_route=%2Fwp%2Fv2%2Fcomments&post=2965"}],"version-history":[{"count":2,"href":"https:\/\/orgelbauverein-moelln.de\/index.php?rest_route=\/wp\/v2\/posts\/2965\/revisions"}],"predecessor-version":[{"id":3132,"href":"https:\/\/orgelbauverein-moelln.de\/index.php?rest_route=\/wp\/v2\/posts\/2965\/revisions\/3132"}],"wp:featuredmedia":[{"embeddable":true,"href":"https:\/\/orgelbauverein-moelln.de\/index.php?rest_route=\/wp\/v2\/media\/2928"}],"wp:attachment":[{"href":"https:\/\/orgelbauverein-moelln.de\/index.php?rest_route=%2Fwp%2Fv2%2Fmedia&parent=2965"}],"wp:term":[{"taxonomy":"category","embeddable":true,"href":"https:\/\/orgelbauverein-moelln.de\/index.php?rest_route=%2Fwp%2Fv2%2Fcategories&post=2965"},{"taxonomy":"post_tag","embeddable":true,"href":"https:\/\/orgelbauverein-moelln.de\/index.php?rest_route=%2Fwp%2Fv2%2Ftags&post=2965"}],"curies":[{"name":"wp","href":"https:\/\/api.w.org\/{rel}","templated":true}]}}