{"id":2923,"date":"2021-09-30T22:18:26","date_gmt":"2021-09-30T21:18:26","guid":{"rendered":"https:\/\/orgelbauverein-moelln.de\/?p=2923"},"modified":"2021-09-30T22:34:12","modified_gmt":"2021-09-30T21:34:12","slug":"orgelweihe-in-sicht","status":"publish","type":"post","link":"https:\/\/orgelbauverein-moelln.de\/?p=2923","title":{"rendered":"Orgelweihe in Sicht"},"content":{"rendered":"\n<p>Die derzeit etwas geringeren coronabedingten Einschr\u00e4nkungen nutzte meine Orgelfreundin C\u00e4cilia zu einem Besuch in M\u00f6lln: \u201eSag mal, wie lange soll das mit Eurer Orgel denn eigentlich noch dauern? Ihr seid schon so lange dabei; wird das noch was vor Weihnachten?\u201c<\/p>\n\n\n\n<p>\u201eDu wirst lachen, aber genau das ist der Plan: vor Weihnachten soll alles fertig sein!\u201c <\/p>\n\n\n\n<p>\u201e\u00c4h, Du sprichst von diesem Jahr\u2026?\u201c<\/p>\n\n\n\n<p>\u201eVollkommen richtig, vom Jahr 2021, in dem die Orgel Instrument des Jahres ist! Am dritten Adventswochenende, also vom 10.-12.12.21, wollen wir die festliche Einweihung feiern: Am Freitag beginnt das Fest mit der Orgelweihe und dem Einweihungskonzert mit den Orgelprofessoren Arvid Gast und Pieter van Dijk. Am Samstag haben wir erstmal ein Programm mit einem Modell einer kleinen Orgel zum Zusammenbauen. Da wird anschaulich, wie aus den einzelnen Teilen Schritt f\u00fcr Schritt eine Orgel entsteht und wie alles funktioniert. Daran k\u00f6nnen sich genauso Kinder beteiligen wie interessierte Erwachsene. Andererseits gibt es nat\u00fcrlich auch Vortr\u00e4ge: zur Restaurierung; zu den Orgelpfeifen, die wir aus Kappeln bekommen haben und zu den verschiedenen Orgelbauern, die hier in M\u00f6lln ihre Pfeifen und manch sonderbare Geschichte hinterlassen haben<\/p>\n\n\n\n<p>Am Nachmittag pr\u00e4sentiert das Ensemble Marescotti die Scherer-B\u00fcnting-Orgel im kammermusikalischen Rahmen, zum abendlichen Ausklang spielt Professor Harald Vogel Orgelmusik bei Kerzenschein.<\/p>\n\n\n\n<p>Und auch am Sonntag geht es noch weiter mit einem festlichen Adventsgottesdienst und danach mit dem Abschlusskonzert, f\u00fcr das der polnische Organist Prof. Krzysztof Urbaniak, der in Stettin Dokumente von Jacob Scherer entdeckt hat, gewonnen werden konnte.\u201c<\/p>\n\n\n\n<p>\u201eKann ich dann einfach zu jedem Konzert und Programmpunkt hingehen?\u201c<br>\u201eDas, liebe C\u00e4cilia, geht leider nicht, da wir wegen Corona immer noch bestimmte Rahmenbedingungen einhalten m\u00fcssen, Abstand, 3G-Regel usw., na, Du wei\u00dft schon\u2026\u201c<br>\u201eWillst Du damit sagen, dass ich nicht kommen darf???\u201c<br>\u201eNat\u00fcrlich darfst Du kommen, aber Du musst Dich anmelden: Alle Pfeifenpaten -wie Du-, alle Spender und Unterst\u00fctzer bekommen demn\u00e4chst eine Einladung mit einem detaillierten Programmablauf und einem R\u00fcckschein, um sich damit anzumelden. Und wer teilnehmen m\u00f6chte, ohne bislang als Unterst\u00fctzer aufgefallen zu sein, kann sich im Kirchenb\u00fcro oder beim Orgelbauverein melden und bekommt dann auch noch eine Einladung. So hoffen wir, alles coronakonform vorbereiten zu k\u00f6nnen.\u201c<\/p>\n\n\n\n<p>\u201eWenn ich das so h\u00f6re, muss ich jetzt erstmal los und mir schnellstens ein Quartier f\u00fcr das Wochenende reservieren\u2026\u201c<\/p>\n\n\n\n<p><\/p>\n\n\n\n<p>Hartmut Ledeboer<\/p>\n","protected":false},"excerpt":{"rendered":"<p>Die derzeit etwas geringeren coronabedingten Einschr\u00e4nkungen nutzte meine Orgelfreundin C\u00e4cilia zu einem Besuch in M\u00f6lln: \u201eSag mal, wie lange soll das mit Eurer Orgel denn eigentlich noch dauern? Ihr seid schon so lange dabei; wird das noch was vor Weihnachten?\u201c \u201eDu wirst lachen, aber genau das ist der Plan: vor Weihnachten soll alles fertig sein!\u201c [&hellip;]<\/p>\n","protected":false},"author":4,"featured_media":2928,"comment_status":"open","ping_status":"open","sticky":false,"template":"","format":"standard","meta":{"footnotes":""},"categories":[1],"tags":[],"class_list":["post-2923","post","type-post","status-publish","format-standard","has-post-thumbnail","hentry","category-allgemein"],"_links":{"self":[{"href":"https:\/\/orgelbauverein-moelln.de\/index.php?rest_route=\/wp\/v2\/posts\/2923","targetHints":{"allow":["GET"]}}],"collection":[{"href":"https:\/\/orgelbauverein-moelln.de\/index.php?rest_route=\/wp\/v2\/posts"}],"about":[{"href":"https:\/\/orgelbauverein-moelln.de\/index.php?rest_route=\/wp\/v2\/types\/post"}],"author":[{"embeddable":true,"href":"https:\/\/orgelbauverein-moelln.de\/index.php?rest_route=\/wp\/v2\/users\/4"}],"replies":[{"embeddable":true,"href":"https:\/\/orgelbauverein-moelln.de\/index.php?rest_route=%2Fwp%2Fv2%2Fcomments&post=2923"}],"version-history":[{"count":2,"href":"https:\/\/orgelbauverein-moelln.de\/index.php?rest_route=\/wp\/v2\/posts\/2923\/revisions"}],"predecessor-version":[{"id":2926,"href":"https:\/\/orgelbauverein-moelln.de\/index.php?rest_route=\/wp\/v2\/posts\/2923\/revisions\/2926"}],"wp:featuredmedia":[{"embeddable":true,"href":"https:\/\/orgelbauverein-moelln.de\/index.php?rest_route=\/wp\/v2\/media\/2928"}],"wp:attachment":[{"href":"https:\/\/orgelbauverein-moelln.de\/index.php?rest_route=%2Fwp%2Fv2%2Fmedia&parent=2923"}],"wp:term":[{"taxonomy":"category","embeddable":true,"href":"https:\/\/orgelbauverein-moelln.de\/index.php?rest_route=%2Fwp%2Fv2%2Fcategories&post=2923"},{"taxonomy":"post_tag","embeddable":true,"href":"https:\/\/orgelbauverein-moelln.de\/index.php?rest_route=%2Fwp%2Fv2%2Ftags&post=2923"}],"curies":[{"name":"wp","href":"https:\/\/api.w.org\/{rel}","templated":true}]}}