{"id":2856,"date":"2021-06-16T20:10:28","date_gmt":"2021-06-16T19:10:28","guid":{"rendered":"https:\/\/orgelbauverein-moelln.de\/?p=2856"},"modified":"2021-07-13T22:36:51","modified_gmt":"2021-07-13T21:36:51","slug":"woher-kommt-das-geld","status":"publish","type":"post","link":"https:\/\/orgelbauverein-moelln.de\/?p=2856","title":{"rendered":"Woher kommt das Geld?"},"content":{"rendered":"\n<p>Meine orgelbegeisterte Freundin C\u00e4cilia macht sich Gedanken \u00fcber unsere Pfeifenpaten: \u201eSag\u2018 mal, was sind das eigentlich f\u00fcr Menschen, die bei Euch Pfeifenpatenschaften f\u00fcr die Scherer-B\u00fcnting-Orgel \u00fcbernehmen? Und weshalb spenden sie Euch so viel? Wenn ich das auf der Patentafel recht \u00fcberschlagen habe, habt Ihr damit ja schon mehr als 100.000 EUR eingenommen!\u201c<\/p>\n\n\n\n<p>\u201eLiebe C\u00e4cilia, das hast Du vollkommen richtig gesehen! Die 100.000 EUR &#8211; Marke haben wir Anfang dieses Jahres \u00fcbersprungen! Dar\u00fcber freuen wir uns sehr, denn es zeigt uns, dass wir zu Recht an das Projekt glauben und diese Zuversicht offenbar auch vermitteln k\u00f6nnen. Die ersten Patenschaften kamen \u00fcberwiegend aus dem Freundeskreis der Orgelbauvereinsmitglieder, sp\u00e4ter kamen Musiker und musikinteressierte dazu, auch Menschen, die pers\u00f6nlich mit der St. Nicolai-Kirche verbunden sind. Inzwischen haben sich auch durch Gespr\u00e4che mit Kirchenbesuchern viele Kontakte ergeben, die sich f\u00fcr das Projekt interessiert haben und sich zum Spenden haben \u00fcberzeugen lassen. Besonders r\u00fchrend finde ich die Begeisterung eines Jungen, der sein gesamtes Taschengeld f\u00fcr eine eigene Patenschaft gegeben hat und sich vehement und erfolgreich gegen den elterlichen Versuch gewehrt hat, sich doch an dieser Patenschaft zu beteiligen, damit ihm noch etwas \u00fcbrigbleibt.\u201c<\/p>\n\n\n\n<p>\u201eDas klingt wirklich nach einer Herzensangelegenheit! Aber das ist doch sicherlich eher die Ausnahme, oder?\u201c<\/p>\n\n\n\n<p>\u201eZu einer Herzensangelegenheit hat sich die Unterst\u00fctzung f\u00fcr das Orgelprojekt bei vielen Menschen entwickelt! Manche Spender haben die Patenschaft auch verschenkt oder in Erinnerung an einen geliebten Mitmenschen \u00fcbernommen. Und es f\u00e4llt mir Herr S. aus K. ein, dem ungl\u00fccklicherweise sein Auto, mit dem er h\u00e4ufig nach M\u00f6lln gekommen ist, um die Orgel, von ihm liebevoll \u201eMarie\u201c genannt, zu besuchen, gestohlen wurde. Herr S. hat daraufhin die Entsch\u00e4digung aus der Diebstahlversicherung in Patenschaften f\u00fcr Orgelpfeifen und Schleierbretter investiert und gemeint, f\u00fcr die Bahncard w\u00fcrden seine R\u00fccklagen immer noch ausreichen\u2026\u201c<\/p>\n\n\n\n<p>\u201eIch sehe schon, es gibt viele gute Impulse f\u00fcr eine Orgelpfeifenpatenschaft!<br>Gibt es denn \u00fcberhaupt noch welche, oder sind die sch\u00f6nen Pfeifen schon alle vergeben?\u201c<br>\u201eZum Gl\u00fcck verf\u00fcgt die Scherer-B\u00fcnting-Orgel \u00fcber mehr als 2.500 Pfeifen, da gibt es noch eine Menge Auswahl f\u00fcr weitere Pfeifenpaten!<br>Und die brauchen wir auch immer noch, damit wir m\u00f6glichst dieses Jahr noch die Einweihung feiern k\u00f6nnen!\u201c<\/p>\n\n\n\n<p>Hartmut Ledeboer<\/p>\n\n\n\n<p><\/p>\n","protected":false},"excerpt":{"rendered":"<p>Meine orgelbegeisterte Freundin C\u00e4cilia macht sich Gedanken \u00fcber unsere Pfeifenpaten: \u201eSag\u2018 mal, was sind das eigentlich f\u00fcr Menschen, die bei Euch Pfeifenpatenschaften f\u00fcr die Scherer-B\u00fcnting-Orgel \u00fcbernehmen? Und weshalb spenden sie Euch so viel? Wenn ich das auf der Patentafel recht \u00fcberschlagen habe, habt Ihr damit ja schon mehr als 100.000 EUR eingenommen!\u201c \u201eLiebe C\u00e4cilia, das [&hellip;]<\/p>\n","protected":false},"author":4,"featured_media":2860,"comment_status":"open","ping_status":"open","sticky":false,"template":"","format":"standard","meta":{"footnotes":""},"categories":[1],"tags":[],"class_list":["post-2856","post","type-post","status-publish","format-standard","has-post-thumbnail","hentry","category-allgemein"],"_links":{"self":[{"href":"https:\/\/orgelbauverein-moelln.de\/index.php?rest_route=\/wp\/v2\/posts\/2856","targetHints":{"allow":["GET"]}}],"collection":[{"href":"https:\/\/orgelbauverein-moelln.de\/index.php?rest_route=\/wp\/v2\/posts"}],"about":[{"href":"https:\/\/orgelbauverein-moelln.de\/index.php?rest_route=\/wp\/v2\/types\/post"}],"author":[{"embeddable":true,"href":"https:\/\/orgelbauverein-moelln.de\/index.php?rest_route=\/wp\/v2\/users\/4"}],"replies":[{"embeddable":true,"href":"https:\/\/orgelbauverein-moelln.de\/index.php?rest_route=%2Fwp%2Fv2%2Fcomments&post=2856"}],"version-history":[{"count":1,"href":"https:\/\/orgelbauverein-moelln.de\/index.php?rest_route=\/wp\/v2\/posts\/2856\/revisions"}],"predecessor-version":[{"id":2857,"href":"https:\/\/orgelbauverein-moelln.de\/index.php?rest_route=\/wp\/v2\/posts\/2856\/revisions\/2857"}],"wp:featuredmedia":[{"embeddable":true,"href":"https:\/\/orgelbauverein-moelln.de\/index.php?rest_route=\/wp\/v2\/media\/2860"}],"wp:attachment":[{"href":"https:\/\/orgelbauverein-moelln.de\/index.php?rest_route=%2Fwp%2Fv2%2Fmedia&parent=2856"}],"wp:term":[{"taxonomy":"category","embeddable":true,"href":"https:\/\/orgelbauverein-moelln.de\/index.php?rest_route=%2Fwp%2Fv2%2Fcategories&post=2856"},{"taxonomy":"post_tag","embeddable":true,"href":"https:\/\/orgelbauverein-moelln.de\/index.php?rest_route=%2Fwp%2Fv2%2Ftags&post=2856"}],"curies":[{"name":"wp","href":"https:\/\/api.w.org\/{rel}","templated":true}]}}