{"id":2646,"date":"2021-02-07T19:31:23","date_gmt":"2021-02-07T18:31:23","guid":{"rendered":"https:\/\/orgelbauverein-moelln.de\/?p=2646"},"modified":"2021-02-07T19:52:40","modified_gmt":"2021-02-07T18:52:40","slug":"schleiertanz-in-der-kirche","status":"publish","type":"post","link":"https:\/\/orgelbauverein-moelln.de\/?p=2646","title":{"rendered":"Schleiertanz in der Kirche???"},"content":{"rendered":"\n<p>Coronabedingt meldete sich meine Orgelfreundin C\u00e4cilia k\u00fcrzlich per Telefon: &#8222;Wie kommt denn die Restaurierung Eurer Scherer-B\u00fcnting-Orgel voran? Angesichts der aktuellen Reiseeinschr\u00e4nkungen vermutlich schleppend bis gar nicht, oder?&#8220; &#8222;Liebe C\u00e4cilia, da t\u00e4uscht Du Dich: \u00fcber drei Wochen im November waren zwei Orgelbauer hier und haben an Hauptwerk und Brustwerk weitergebaut. Im Februar kommt das neue R\u00fcckpositiv&#8230;&#8220;&nbsp; &#8222;Moment mal, ich dachte, Ihr restauriert die Orgel; wieso dann ein &#8217;neues&#8216; R\u00fcckpositiv?&#8220; &#8222;Bei dem zuletzt vorhandenen R\u00fcckpositiv war bis zum Ausbau unklar, wie alt es ist; es stammt aber aus dem 20.Jahrhundert und passt mit den Ausma\u00dfen nicht zu dem historischen Pfeifenmaterial. Deshalb gibt es ein g\u00e4nzlich neues R\u00fcckpositiv; f\u00fcr die Schleierbretter haben wir eine erfahrene K\u00fcnstlerin gefunden&#8230;&#8220; &#8220; &#8218;Schleierbretter&#8216;? Soll sie etwa einen Schleiertanz in der Kirche auff\u00fchren?&#8220; &#8222;Na, die Schleierbretter sind doch kunstvoll geschnitzte und vergoldete Elemente im Prospekt, die die L\u00fccken zwischen den kleineren Pfeifen und dem Rahmen des Geh\u00e4uses ausf\u00fcllen. Unsere Schnitzerin hat die alten Vorlagen genau studiert und schafft passende Entsprechungen.&#8220; &#8222;Das muss ich mir dann sp\u00e4ter unbedingt genauer anschauen &#8211; klingt aber auch ganz sch\u00f6n teuer&#8230;&#8220; &#8222;Eine f\u00fcnfstellige Summe daf\u00fcr ist nat\u00fcrlich schon keine Kleinigkeit, aber Qualit\u00e4t hat nat\u00fcrlich ihren Preis. Und knapp ein Viertel der Kosten haben wir sogar schon zusammen!&#8220; &#8222;Dann werde ich mal schauen, was ich zur Unterst\u00fctzung&nbsp; beitragen kann. Und ich w\u00fcnsche Euch weitere Schnitzereiliebhaber, die sich dem anschlie\u00dfen, damit Ihr nicht doch noch einen Schleiertanz auff\u00fchren m\u00fcsst, um den Differenzbetrag einzuwerben!&#8220;<\/p>\n\n\n\n<p>Hartmut Ledeboer<\/p>\n","protected":false},"excerpt":{"rendered":"<p>Coronabedingt meldete sich meine Orgelfreundin C\u00e4cilia k\u00fcrzlich per Telefon: &#8222;Wie kommt denn die Restaurierung Eurer Scherer-B\u00fcnting-Orgel voran? Angesichts der aktuellen Reiseeinschr\u00e4nkungen vermutlich schleppend bis gar nicht, oder?&#8220; &#8222;Liebe C\u00e4cilia, da t\u00e4uscht Du Dich: \u00fcber drei Wochen im November waren zwei Orgelbauer hier und haben an Hauptwerk und Brustwerk weitergebaut. Im Februar kommt das neue R\u00fcckpositiv&#8230;&#8220;&nbsp; [&hellip;]<\/p>\n","protected":false},"author":4,"featured_media":2648,"comment_status":"open","ping_status":"open","sticky":false,"template":"","format":"standard","meta":{"footnotes":""},"categories":[1],"tags":[],"class_list":["post-2646","post","type-post","status-publish","format-standard","has-post-thumbnail","hentry","category-allgemein"],"_links":{"self":[{"href":"https:\/\/orgelbauverein-moelln.de\/index.php?rest_route=\/wp\/v2\/posts\/2646","targetHints":{"allow":["GET"]}}],"collection":[{"href":"https:\/\/orgelbauverein-moelln.de\/index.php?rest_route=\/wp\/v2\/posts"}],"about":[{"href":"https:\/\/orgelbauverein-moelln.de\/index.php?rest_route=\/wp\/v2\/types\/post"}],"author":[{"embeddable":true,"href":"https:\/\/orgelbauverein-moelln.de\/index.php?rest_route=\/wp\/v2\/users\/4"}],"replies":[{"embeddable":true,"href":"https:\/\/orgelbauverein-moelln.de\/index.php?rest_route=%2Fwp%2Fv2%2Fcomments&post=2646"}],"version-history":[{"count":2,"href":"https:\/\/orgelbauverein-moelln.de\/index.php?rest_route=\/wp\/v2\/posts\/2646\/revisions"}],"predecessor-version":[{"id":2649,"href":"https:\/\/orgelbauverein-moelln.de\/index.php?rest_route=\/wp\/v2\/posts\/2646\/revisions\/2649"}],"wp:featuredmedia":[{"embeddable":true,"href":"https:\/\/orgelbauverein-moelln.de\/index.php?rest_route=\/wp\/v2\/media\/2648"}],"wp:attachment":[{"href":"https:\/\/orgelbauverein-moelln.de\/index.php?rest_route=%2Fwp%2Fv2%2Fmedia&parent=2646"}],"wp:term":[{"taxonomy":"category","embeddable":true,"href":"https:\/\/orgelbauverein-moelln.de\/index.php?rest_route=%2Fwp%2Fv2%2Fcategories&post=2646"},{"taxonomy":"post_tag","embeddable":true,"href":"https:\/\/orgelbauverein-moelln.de\/index.php?rest_route=%2Fwp%2Fv2%2Ftags&post=2646"}],"curies":[{"name":"wp","href":"https:\/\/api.w.org\/{rel}","templated":true}]}}