{"id":2579,"date":"2020-05-23T20:57:50","date_gmt":"2020-05-23T19:57:50","guid":{"rendered":"https:\/\/orgelbauverein-moelln.de\/?p=2579"},"modified":"2020-05-23T20:57:51","modified_gmt":"2020-05-23T19:57:51","slug":"hoffnung","status":"publish","type":"post","link":"https:\/\/orgelbauverein-moelln.de\/?p=2579","title":{"rendered":"Hoffnung"},"content":{"rendered":"\n<p>F\u00fcr ein Restaurierungsprojekt wie das der M\u00f6llner Scherer-B\u00fcnting-Orgel ben\u00f6tigen alle Beteiligten einen langen Atem. Das war uns im Orgelbauverein nat\u00fcrlich klar \u2013 zumindest theoretisch\u2026<br>Praktisch begann die Arbeit im Jahre 2001 mit gro\u00dfer Euphorie und der Hoffnung, schon bald auf einem nach neuesten Erkenntnissen der Orgelbauforschung restaurierten Instrument musizieren zu k\u00f6nnen. Doch Hindernisse verschiedenster Art und die Notwendigkeit, f\u00fcr dieses Projekt gut 1,7 Millionen Euro zusammenbekommen zu m\u00fcssen, sorgten daf\u00fcr, dass sich die Sache mit dem langen Atem mehr bewahrheitete, als uns lieb war!<br>Aber solange der Atem nicht ausgeht, lebt auch das Projekt! Und gl\u00fccklicherweise gab es im Laufe der Zeit Ereignisse, die diesem neuen Atem einhauchten: spannende Forschungsergebnisse oder das Symposion 2009, die Auswahl einer Orgelbauwerkstatt oder die Vertragsunterzeichnung mit der Fa. Flentrop, die gro\u00dfe Unterst\u00fctzung durch Bund, Land und die zahlreiche privaten Spender, der Ausbau der Orgel im Herbst 2018 oder seither die sich konkretisierenden Planungsschritte und deren Umsetzung\u2026<br>Andererseits l\u00e4uft es bei einem Projekt dieser Dimension nat\u00fcrlich nicht nur glatt; verschiedene Faktoren, ein St\u00fcck weit sogar die Corona-Pandemie, haben daf\u00fcr gesorgt, dass der geplante Einweihungstermin f\u00fcr die restaurierte Scherer-B\u00fcnting-Orgel, der 21.3.2021, nicht zu halten sein wird und wir von einer Verz\u00f6gerung um etwa ein halbes Jahr ausgehen m\u00fcssen!<br>Das ist zwar bedauerlich, aber es wird bis dahin weitere Etappen geben, die erneut f\u00fcr frischen Atem sorgen werden, wie der Einbau der B\u00e4lge schon im Juni 2020; der Abschluss der Geb\u00e4uderestaurierung im Orgeljoch, um der Orgel ein gutes Nest zu bereiten; der Einbau der Orgel ab September; die farbliche Restaurierung des Orgelprospekts und schlie\u00dflich die Intonierung, die wiederum einige Monate in Anspruch nehmen wird. Auch hier gilt nochmal: \u201eGut Ding will Weile haben!\u201c<br>Dabei tr\u00e4gt alle Beteiligten die Perspektive und Hoffnung auf ein Instrument, bei dem sich historisches und neues Material im harmonischen Einklang befinden und zu einem glanzvollen barocken Klang vereinen.<\/p>\n\n\n\n<p>Hartmut Ledeboer<\/p>\n","protected":false},"excerpt":{"rendered":"<p>F\u00fcr ein Restaurierungsprojekt wie das der M\u00f6llner Scherer-B\u00fcnting-Orgel ben\u00f6tigen alle Beteiligten einen langen Atem. Das war uns im Orgelbauverein nat\u00fcrlich klar \u2013 zumindest theoretisch\u2026Praktisch begann die Arbeit im Jahre 2001 mit gro\u00dfer Euphorie und der Hoffnung, schon bald auf einem nach neuesten Erkenntnissen der Orgelbauforschung restaurierten Instrument musizieren zu k\u00f6nnen. Doch Hindernisse verschiedenster Art und [&hellip;]<\/p>\n","protected":false},"author":4,"featured_media":0,"comment_status":"open","ping_status":"open","sticky":false,"template":"","format":"standard","meta":{"footnotes":""},"categories":[1],"tags":[],"class_list":["post-2579","post","type-post","status-publish","format-standard","hentry","category-allgemein"],"_links":{"self":[{"href":"https:\/\/orgelbauverein-moelln.de\/index.php?rest_route=\/wp\/v2\/posts\/2579","targetHints":{"allow":["GET"]}}],"collection":[{"href":"https:\/\/orgelbauverein-moelln.de\/index.php?rest_route=\/wp\/v2\/posts"}],"about":[{"href":"https:\/\/orgelbauverein-moelln.de\/index.php?rest_route=\/wp\/v2\/types\/post"}],"author":[{"embeddable":true,"href":"https:\/\/orgelbauverein-moelln.de\/index.php?rest_route=\/wp\/v2\/users\/4"}],"replies":[{"embeddable":true,"href":"https:\/\/orgelbauverein-moelln.de\/index.php?rest_route=%2Fwp%2Fv2%2Fcomments&post=2579"}],"version-history":[{"count":1,"href":"https:\/\/orgelbauverein-moelln.de\/index.php?rest_route=\/wp\/v2\/posts\/2579\/revisions"}],"predecessor-version":[{"id":2580,"href":"https:\/\/orgelbauverein-moelln.de\/index.php?rest_route=\/wp\/v2\/posts\/2579\/revisions\/2580"}],"wp:attachment":[{"href":"https:\/\/orgelbauverein-moelln.de\/index.php?rest_route=%2Fwp%2Fv2%2Fmedia&parent=2579"}],"wp:term":[{"taxonomy":"category","embeddable":true,"href":"https:\/\/orgelbauverein-moelln.de\/index.php?rest_route=%2Fwp%2Fv2%2Fcategories&post=2579"},{"taxonomy":"post_tag","embeddable":true,"href":"https:\/\/orgelbauverein-moelln.de\/index.php?rest_route=%2Fwp%2Fv2%2Ftags&post=2579"}],"curies":[{"name":"wp","href":"https:\/\/api.w.org\/{rel}","templated":true}]}}