{"id":2577,"date":"2020-05-23T20:55:39","date_gmt":"2020-05-23T19:55:39","guid":{"rendered":"https:\/\/orgelbauverein-moelln.de\/?p=2577"},"modified":"2020-05-23T20:55:41","modified_gmt":"2020-05-23T19:55:41","slug":"die-orgel-instrument-der-hoffnung","status":"publish","type":"post","link":"https:\/\/orgelbauverein-moelln.de\/?p=2577","title":{"rendered":"Die Orgel \u2013 Instrument der Hoffnung"},"content":{"rendered":"\n<p>Eigentlich sollte die Orgel am Ostermorgen, nachdem sie seit Karfreitag geschwiegen hatte, mit strahlendem Klang den Jubel der Auferstehung verk\u00fcnden! In diesem Jahr aber m\u00fcssen wir darauf gleich aus zwei Gr\u00fcnden verzichten: Aufgrund der Corona-epidemie entfallen bekannterma\u00dfen, wie alle anderen Gro\u00dfveranstaltungen, auch die Fr\u00fchgottesdienste. Und au\u00dferdem ist die Scherer-B\u00fcnting-Orgel mittlerweile seit Herbst 2018 ausgebaut und wird noch bis ins n\u00e4chste Jahr hinein in den Niederlanden restauriert.<br>Aber dort wird auch trotz Corona an unserer Orgel weitergearbeitet. K\u00fcrzlich ist die Tastatur fertig geworden, gestaltet nach historischen Vorbildern aus Buchsbaum und Ebenholz. Die Tastatur ist zwar nur ein kleiner Teil der gesamten Orgel, ein Anfang \u2013 aber ein wichtiger, der damit gleichsam zur Verhei\u00dfung wird \u00fcber die Orgel hinaus! Nach einer langen Phase des Schweigens, der Trennung, der Dunkelheit werden Klang, Leben und Licht wieder neu erstrahlen.<\/p>\n\n\n\n<p>Hartmut Ledeboer<\/p>\n","protected":false},"excerpt":{"rendered":"<p>Eigentlich sollte die Orgel am Ostermorgen, nachdem sie seit Karfreitag geschwiegen hatte, mit strahlendem Klang den Jubel der Auferstehung verk\u00fcnden! In diesem Jahr aber m\u00fcssen wir darauf gleich aus zwei Gr\u00fcnden verzichten: Aufgrund der Corona-epidemie entfallen bekannterma\u00dfen, wie alle anderen Gro\u00dfveranstaltungen, auch die Fr\u00fchgottesdienste. Und au\u00dferdem ist die Scherer-B\u00fcnting-Orgel mittlerweile seit Herbst 2018 ausgebaut und [&hellip;]<\/p>\n","protected":false},"author":4,"featured_media":0,"comment_status":"open","ping_status":"open","sticky":false,"template":"","format":"standard","meta":{"footnotes":""},"categories":[1],"tags":[],"class_list":["post-2577","post","type-post","status-publish","format-standard","hentry","category-allgemein"],"_links":{"self":[{"href":"https:\/\/orgelbauverein-moelln.de\/index.php?rest_route=\/wp\/v2\/posts\/2577","targetHints":{"allow":["GET"]}}],"collection":[{"href":"https:\/\/orgelbauverein-moelln.de\/index.php?rest_route=\/wp\/v2\/posts"}],"about":[{"href":"https:\/\/orgelbauverein-moelln.de\/index.php?rest_route=\/wp\/v2\/types\/post"}],"author":[{"embeddable":true,"href":"https:\/\/orgelbauverein-moelln.de\/index.php?rest_route=\/wp\/v2\/users\/4"}],"replies":[{"embeddable":true,"href":"https:\/\/orgelbauverein-moelln.de\/index.php?rest_route=%2Fwp%2Fv2%2Fcomments&post=2577"}],"version-history":[{"count":1,"href":"https:\/\/orgelbauverein-moelln.de\/index.php?rest_route=\/wp\/v2\/posts\/2577\/revisions"}],"predecessor-version":[{"id":2578,"href":"https:\/\/orgelbauverein-moelln.de\/index.php?rest_route=\/wp\/v2\/posts\/2577\/revisions\/2578"}],"wp:attachment":[{"href":"https:\/\/orgelbauverein-moelln.de\/index.php?rest_route=%2Fwp%2Fv2%2Fmedia&parent=2577"}],"wp:term":[{"taxonomy":"category","embeddable":true,"href":"https:\/\/orgelbauverein-moelln.de\/index.php?rest_route=%2Fwp%2Fv2%2Fcategories&post=2577"},{"taxonomy":"post_tag","embeddable":true,"href":"https:\/\/orgelbauverein-moelln.de\/index.php?rest_route=%2Fwp%2Fv2%2Ftags&post=2577"}],"curies":[{"name":"wp","href":"https:\/\/api.w.org\/{rel}","templated":true}]}}