{"id":1692,"date":"2016-09-25T01:20:55","date_gmt":"2016-09-24T23:20:55","guid":{"rendered":"http:\/\/orgelbauverein-moelln.de\/?p=1692"},"modified":"2016-09-25T13:34:30","modified_gmt":"2016-09-25T11:34:30","slug":"gute-nachricht-fuer-moelln","status":"publish","type":"post","link":"https:\/\/orgelbauverein-moelln.de\/?p=1692","title":{"rendered":"Gute Nachricht f\u00fcr M\u00f6lln"},"content":{"rendered":"<p>Der Bund stellt 600.000 Euro f\u00fcr M\u00f6llner Orgelsanierung zur Verf\u00fcgung<\/p>\n<p>Presseartikel aus MARKT (Wochenendzeitung f\u00fcr Ratzeburg, M\u00f6lln und Umgebung) vom 24.09.2016<\/p>\n<p><strong><a href=\"http:\/\/orgelbauverein-moelln.de\/wp-content\/uploads\/2016\/09\/2016-09-25_MARKT_Gute_Nachricht_f\u00fcr_M\u00f6lln.pdf\" target=\"_blank\">MARKT &#8211; Gute Nachricht f\u00fcr M\u00f6lln<\/a><\/strong><\/p>\n","protected":false},"excerpt":{"rendered":"<p>Der Bund stellt 600.000 Euro f\u00fcr M\u00f6llner Orgelsanierung zur Verf\u00fcgung Presseartikel aus MARKT (Wochenendzeitung f\u00fcr Ratzeburg, M\u00f6lln und Umgebung) vom 24.09.2016 MARKT &#8211; Gute Nachricht f\u00fcr M\u00f6lln<\/p>\n","protected":false},"author":4,"featured_media":0,"comment_status":"open","ping_status":"open","sticky":false,"template":"","format":"standard","meta":{"footnotes":""},"categories":[30],"tags":[],"class_list":["post-1692","post","type-post","status-publish","format-standard","hentry","category-presse"],"_links":{"self":[{"href":"https:\/\/orgelbauverein-moelln.de\/index.php?rest_route=\/wp\/v2\/posts\/1692","targetHints":{"allow":["GET"]}}],"collection":[{"href":"https:\/\/orgelbauverein-moelln.de\/index.php?rest_route=\/wp\/v2\/posts"}],"about":[{"href":"https:\/\/orgelbauverein-moelln.de\/index.php?rest_route=\/wp\/v2\/types\/post"}],"author":[{"embeddable":true,"href":"https:\/\/orgelbauverein-moelln.de\/index.php?rest_route=\/wp\/v2\/users\/4"}],"replies":[{"embeddable":true,"href":"https:\/\/orgelbauverein-moelln.de\/index.php?rest_route=%2Fwp%2Fv2%2Fcomments&post=1692"}],"version-history":[{"count":16,"href":"https:\/\/orgelbauverein-moelln.de\/index.php?rest_route=\/wp\/v2\/posts\/1692\/revisions"}],"predecessor-version":[{"id":1787,"href":"https:\/\/orgelbauverein-moelln.de\/index.php?rest_route=\/wp\/v2\/posts\/1692\/revisions\/1787"}],"wp:attachment":[{"href":"https:\/\/orgelbauverein-moelln.de\/index.php?rest_route=%2Fwp%2Fv2%2Fmedia&parent=1692"}],"wp:term":[{"taxonomy":"category","embeddable":true,"href":"https:\/\/orgelbauverein-moelln.de\/index.php?rest_route=%2Fwp%2Fv2%2Fcategories&post=1692"},{"taxonomy":"post_tag","embeddable":true,"href":"https:\/\/orgelbauverein-moelln.de\/index.php?rest_route=%2Fwp%2Fv2%2Ftags&post=1692"}],"curies":[{"name":"wp","href":"https:\/\/api.w.org\/{rel}","templated":true}]}}