{"id":1282,"date":"2016-07-09T00:00:33","date_gmt":"2016-07-08T22:00:33","guid":{"rendered":"http:\/\/orgelbauverein-moelln.de\/?p=1282"},"modified":"2016-07-09T00:24:22","modified_gmt":"2016-07-08T22:24:22","slug":"moellner-sommermusiken-2016","status":"publish","type":"post","link":"https:\/\/orgelbauverein-moelln.de\/?p=1282","title":{"rendered":"M\u00d6LLNER SOMMERMUSIKEN 2016"},"content":{"rendered":"<p><strong>(immer freitags, au\u00dfer Er\u00f6ffnungskonzert)<\/strong><\/p>\n<hr \/>\n<h3>Samstag, 09. Juli &#8211; 18:00 Uhr<\/h3>\n<h3 align=\"left\">ER\u00d6FFNUNGSKONZERT der M\u00d6LLNER SOMMERMUSIKEN 2016<\/h3>\n<p align=\"left\"><strong>\u00bbErd und Himmel sollen singen\u00ab<\/strong><\/p>\n<p align=\"left\">GEISTLICHES KONZERT f\u00fcr Chor, Blechbl\u00e4ser und Orgel<\/p>\n<p align=\"left\">Antonin DVORAK: MESSE in D-Dur<\/p>\n<p align=\"left\">Zsolt GARDONYI: Psalm \u201eGott unser Sch\u00f6pfer\u201c und \u201eErd und Himmel sollen singen\u201c<\/p>\n<p align=\"left\">L\u00e9on BO\u00cbLLMANN: Suite gothique u.a.<\/p>\n<p align=\"left\">Nicolai-Chor M\u00f6lln<\/p>\n<p align=\"left\">Posaunenchor B\u00fcchen<\/p>\n<p align=\"left\">Leitung &amp; Orgel: Annette Elisabeth Arnsmeier und Michael Buffo<\/p>\n<p align=\"left\"><em>Eintritt: 12 \u20ac (erm\u00e4\u00dfigt 10 \u20ac) \/ Kinder bis 6 Jahre frei<\/em><\/p>\n<hr \/>\n<h3 align=\"left\">Freitag, 15. Juli<\/h3>\n<h3 align=\"left\">KEIN Konzert !!!<\/h3>\n<p align=\"left\">wegen des Chorfestes der Nordkirche \u201eDREIKLANG 2016\u201c in L\u00fcbeck<\/p>\n<hr \/>\n<h3 align=\"left\">Freitag, 22. Juli &#8211; 19:00 Uhr<\/h3>\n<h3 align=\"left\">2. SommerKonzert<\/h3>\n<p align=\"left\"><strong>VIOLIN-SOLOABEND<\/strong><\/p>\n<p align=\"left\">Ian Mardon (Hamburg)<\/p>\n<p align=\"justify\">\u00bbVeni creator spiritus\u00ab<\/p>\n<p align=\"justify\">Werke von Ian Mardon, Johann Sebastian BACH und Niccolo PAGANINI<\/p>\n<p align=\"justify\">\u201eEin Solo-Violin-Programm zu pr\u00e4sentieren, ist etwas sehr Besonderes sowohl f\u00fcr mich als auch f\u00fcr das Publikum. Das unbegleitete Violinspiel kann die Zuh\u00f6rer auf direkte Weise ergreifen und bietet daher einen sehr intensiven H\u00f6rgenuss.\u201c Mit meinem Programm \u00bbVeni creator spiritus\u00ab m\u00f6chte ich das Publikum in meine Welt entf\u00fchren und ihm die M\u00f6glichkeit geben, tief in die meiner Guadagnini so eigenen warmen Kl\u00e4nge einzutauchen.\u201c Ian Mardon<\/p>\n<p align=\"justify\"><em>Eintritt: 10 \u20ac (erm\u00e4\u00dfigt 8 \u20ac) \/ Kinder frei<\/em><\/p>\n<hr \/>\n<h3 align=\"left\">Freitag, 29. Juli &#8211; 19:00 Uhr<\/h3>\n<h3 align=\"left\">3. SommerKonzert<\/h3>\n<p align=\"left\"><strong> ORGELKONZERT &#8222;T\u00e4nze und Toccaten&#8220;<\/strong><\/p>\n<p align=\"left\">Christian Skobowsky (Ratzeburger Dom)<\/p>\n<p align=\"justify\">Werke von Jan Pieterszoon SWEELINCK, Johann Jacob FROBERGER, Matthias WECKMANN, Georg MUFFAT, Dietrich BUXTEHUDE und Johann Sebastian BACH<\/p>\n<p align=\"justify\">Der Ratzeburger Domorganist Christian Skobowsky stellt in seinem Orgelkonzert die urspr\u00fcnglich sehr freie Form der Toccata, in der sich der Interpret wesentlich mit eigener Phantasie und Gestaltung einbringt, dem Tanz gegen\u00fcber &#8230; Tanzformen bilden oft auch die Grundlage von Variationen \u00fcber Kirchenlieder und verf\u00fcgen \u00fcber ein breites Charakterspektrum.<\/p>\n<p align=\"justify\"><em>Eintritt: 10 \u20ac (erm\u00e4\u00dfigt 8 \u20ac) \/ Kinder frei<\/em><\/p>\n<hr \/>\n<h3 align=\"left\">Freitag, 05. August &#8211; 19:00 Uhr<\/h3>\n<h3 align=\"left\">4. SommerKonzert<\/h3>\n<p align=\"left\"><strong> Bettina Born (Akkordeon solo)<\/strong><\/p>\n<p align=\"justify\">In ihrem neuen Konzertprogramm \u201e Musette adrett \u201c entf\u00fchrt Sie die Akkordeonistin Bettina Born mit eigenen Kompositionen in ihre Welt der Musettewalzer und des Tango. Es erwartet Sie ein Konzert im gro\u00dfen Spannungsbogen leidenschaftlicher und sinnlicher T\u00f6ne. Liebevoll und charmant bringt Bettina Born ihre musikalischen Geschichten zu Geh\u00f6r, verzaubert Sie, liebes Publikum und nimmt Sie mit auf die gro\u00dfe Gef\u00fchlsreise in die weite Welt.<\/p>\n<p align=\"justify\">Bettina Born lebt freischaffend in Th\u00fcringen. Konzerte f\u00fchren sie durch Deutschland und ins europ\u00e4ische Ausland. Drei Notenb\u00fccher mit ihren Kompositionen sind bereits erschienen sowie 6 CD\u00b4s zusammen mit dem Pianisten Wolfram Born.<\/p>\n<p align=\"justify\">Als Komponistin und Solistin arbeitete sie auch mit Orchestern und verschiedenen Theatern zusammen z.B. DNT Weimar, Volksb\u00fchne Berlin, Hans Otto Theater Potsdam, Puppentheater Magdeburg und dem Orchester des S\u00fcdth\u00fcringischen Staatstheaters Meinungen. 2014 erschien ihre Solo CD \u201eMusette adrett\u201c.<\/p>\n<p align=\"justify\"><em>Eintritt: 10 \u20ac (erm\u00e4\u00dfigt 8 \u20ac) \/ Kinder frei<\/em><\/p>\n<hr \/>\n<h3 align=\"left\">Freitag, 12. August &#8211; 19:00 Uhr<\/h3>\n<h3 align=\"left\">ABSCHLUSSKONZERT der M\u00d6LLNER SOMMERMUSIKEN<\/h3>\n<p align=\"left\"><strong> Kammerphilharmonie K\u00f6ln<\/strong><\/p>\n<p align=\"justify\">\u00bbKlassik \u00fcberall\u2026 Concerti virtuosi\u00ab<\/p>\n<p align=\"justify\">Werke von Johann Sebastian BACH, Antonio VIVALDI, Wolfgang Amadeus MOZART, Gioachino ROSSINI und Peter TSCHAIKOWSKI<\/p>\n<p align=\"justify\">Unter dem Motto Klassik \u00fcberall musizieren die Instrumentalisten der Kammerphilharmonie K\u00f6ln mit gro\u00dfer Spielfreude, ob in einer kleinen Dorfkirche, im K\u00f6lner Dom, unter freiem Himmel oder im Sydney Opera House.<\/p>\n<p align=\"justify\">Die Beliebtheit dieses Ensembles zeigt sich in ca. 300 Konzerten j\u00e4hrlich rund um den Globus: Australien, Gro\u00dfbritannien, Irland, Neuseeland, Spanien und nat\u00fcrlich Deutschland. \u00dcberall in der Welt freuen sich die Zuh\u00f6rer auf die Begegnung mit den musikalischen Ausnahmetalenten.<\/p>\n<p align=\"justify\">Das Repertoire der Kammerphilharmonie besteht aus handverlesenen St\u00fccken, der besondere Reiz ihrer Programme liegt im Aufeinandertreffen von popul\u00e4ren wie auch unbekannten Werken verschiedenster Musikepochen. So treten Mozart und Vivaldi in Dialog mit Werken von Prokofieff bis Tangok\u00f6nig Piazzolla.<\/p>\n<p align=\"left\"><em>Eintritt: 10 \u20ac (erm\u00e4\u00dfigt 8 \u20ac) \/ Kinder frei<\/em><\/p>\n<hr \/>\n<h4><a title=\"Weiter zu den KONZERTTERMINEN 2016\" href=\"http:\/\/orgelbauverein-moelln.de\/?p=1196\">Weiter zu den KONZERTTERMINEN 2016<\/a><\/h4>\n<p>&nbsp;<\/p>\n","protected":false},"excerpt":{"rendered":"<p>(immer freitags, au\u00dfer Er\u00f6ffnungskonzert) Samstag, 09. Juli &#8211; 18:00 Uhr ER\u00d6FFNUNGSKONZERT der M\u00d6LLNER SOMMERMUSIKEN 2016 \u00bbErd und Himmel sollen singen\u00ab GEISTLICHES KONZERT f\u00fcr Chor, Blechbl\u00e4ser und Orgel Antonin DVORAK: MESSE in D-Dur Zsolt GARDONYI: Psalm \u201eGott unser Sch\u00f6pfer\u201c und \u201eErd und Himmel sollen singen\u201c L\u00e9on BO\u00cbLLMANN: Suite gothique u.a. Nicolai-Chor M\u00f6lln Posaunenchor B\u00fcchen Leitung &amp; [&hellip;]<\/p>\n","protected":false},"author":4,"featured_media":860,"comment_status":"open","ping_status":"open","sticky":false,"template":"","format":"standard","meta":{"footnotes":""},"categories":[35],"tags":[],"class_list":["post-1282","post","type-post","status-publish","format-standard","has-post-thumbnail","hentry","category-konzerte-und-veranstaltungen"],"_links":{"self":[{"href":"https:\/\/orgelbauverein-moelln.de\/index.php?rest_route=\/wp\/v2\/posts\/1282","targetHints":{"allow":["GET"]}}],"collection":[{"href":"https:\/\/orgelbauverein-moelln.de\/index.php?rest_route=\/wp\/v2\/posts"}],"about":[{"href":"https:\/\/orgelbauverein-moelln.de\/index.php?rest_route=\/wp\/v2\/types\/post"}],"author":[{"embeddable":true,"href":"https:\/\/orgelbauverein-moelln.de\/index.php?rest_route=\/wp\/v2\/users\/4"}],"replies":[{"embeddable":true,"href":"https:\/\/orgelbauverein-moelln.de\/index.php?rest_route=%2Fwp%2Fv2%2Fcomments&post=1282"}],"version-history":[{"count":8,"href":"https:\/\/orgelbauverein-moelln.de\/index.php?rest_route=\/wp\/v2\/posts\/1282\/revisions"}],"predecessor-version":[{"id":1867,"href":"https:\/\/orgelbauverein-moelln.de\/index.php?rest_route=\/wp\/v2\/posts\/1282\/revisions\/1867"}],"wp:featuredmedia":[{"embeddable":true,"href":"https:\/\/orgelbauverein-moelln.de\/index.php?rest_route=\/wp\/v2\/media\/860"}],"wp:attachment":[{"href":"https:\/\/orgelbauverein-moelln.de\/index.php?rest_route=%2Fwp%2Fv2%2Fmedia&parent=1282"}],"wp:term":[{"taxonomy":"category","embeddable":true,"href":"https:\/\/orgelbauverein-moelln.de\/index.php?rest_route=%2Fwp%2Fv2%2Fcategories&post=1282"},{"taxonomy":"post_tag","embeddable":true,"href":"https:\/\/orgelbauverein-moelln.de\/index.php?rest_route=%2Fwp%2Fv2%2Ftags&post=1282"}],"curies":[{"name":"wp","href":"https:\/\/api.w.org\/{rel}","templated":true}]}}